{"id":13227,"date":"2020-09-18T10:17:37","date_gmt":"2020-09-18T13:17:37","guid":{"rendered":"https:\/\/sjcbancarios.com.br\/site\/?p=13227"},"modified":"2020-09-18T10:17:37","modified_gmt":"2020-09-18T13:17:37","slug":"nova-diretoria-da-contec-toma-posse-nesta-sexta-feira-19-9","status":"publish","type":"post","link":"https:\/\/sjcbancarios.com.br\/site\/noticias\/nova-diretoria-da-contec-toma-posse-nesta-sexta-feira-19-9\/","title":{"rendered":"Nova diretoria da CONTEC toma posse nesta sexta-feira (19\/9)"},"content":{"rendered":"<p>O conselho diretor da CONTEC eleito para o quadri\u00eanio 2020\/2024 toma posse em solenidade virtual nesta sexta-feira (19\/9).<\/p>\n<p>Como o Bras\u00edlia ainda vive um momento muito dif\u00edcil, especialmente os decorrentes do novo coronav\u00edrus COVID 19, todo o evento ocorrer\u00e1 por meio de videoconfer\u00eancia.<\/p>\n<p>A cerim\u00f4nia de posse est\u00e1 agendada para as 16h, por meio da plataforma do aplicativo Zoom. (https:\/\/zoom.us\/j\/8742084180?pwd=M1FkSTdIeDVIQll2VnZtQk1mMWlYdz09).<\/p>\n<p>Todos os diretores est\u00e3o convidados a participar e quem mais se interessar. Conhe\u00e7a o quadro oficial de diretores eleitos:<\/p>\n<p>Louren\u00e7o Ferreira do Prado \u2013 Presidente, Isa\u00fa Joaquim Chacon \u2013 Primeiro Vice-Presidente, Edson Roberto dos Santos \u2013 Segundo Vice-Presidente, Armando Machado Filho \u2013 Terceiro Vice-Presidente, Jos\u00e9 Jesus Trabulo de Souza \u2013 Quarto Vice-Presidente, Davi Zaia \u2013 Secret\u00e1rio-Geral, Rumiko Tanaka \u2013 Diretora de Finan\u00e7as, Gladir Antonio Basso \u2013 Diretor de Assuntos Legislativos e Jo\u00e3o Jos\u00e9 Bandeira \u2013 Diretor de Previd\u00eancia Social e Complementar; membros efetivos do Conselho Fiscal S\u00e9rgio Roberto Pio, Dorgival Harisson Trajano Rodrigues Vilar e Nindberg Barbosa dos Santos, e dos Diretores Setoriais e respectivos suplentes.<\/p>\n<p>Fonte: Contec<\/p>\n","protected":false},"excerpt":{"rendered":"<p class=\"excerpt\">O conselho diretor da CONTEC eleito para o quadri\u00eanio 2020\/2024 toma posse em solenidade virtual nesta sexta-feira (19\/9). Como o Bras\u00edlia ainda vive um momento muito dif\u00edcil, especialmente os decorrentes do novo coronav\u00edrus COVID 19, todo o evento ocorrer\u00e1 por meio de videoconfer\u00eancia. A cerim\u00f4nia de posse est\u00e1 agendada para as 16h, por meio da [&hellip;]<\/p>\n","protected":false},"author":2,"featured_media":13228,"comment_status":"closed","ping_status":"closed","sticky":false,"template":"","format":"standard","meta":{"_et_pb_use_builder":"","_et_pb_old_content":"","_et_gb_content_width":"","footnotes":""},"categories":[13],"tags":[],"class_list":["post-13227","post","type-post","status-publish","format-standard","has-post-thumbnail","hentry","category-noticias"],"_links":{"self":[{"href":"https:\/\/sjcbancarios.com.br\/site\/wp-json\/wp\/v2\/posts\/13227","targetHints":{"allow":["GET"]}}],"collection":[{"href":"https:\/\/sjcbancarios.com.br\/site\/wp-json\/wp\/v2\/posts"}],"about":[{"href":"https:\/\/sjcbancarios.com.br\/site\/wp-json\/wp\/v2\/types\/post"}],"author":[{"embeddable":true,"href":"https:\/\/sjcbancarios.com.br\/site\/wp-json\/wp\/v2\/users\/2"}],"replies":[{"embeddable":true,"href":"https:\/\/sjcbancarios.com.br\/site\/wp-json\/wp\/v2\/comments?post=13227"}],"version-history":[{"count":0,"href":"https:\/\/sjcbancarios.com.br\/site\/wp-json\/wp\/v2\/posts\/13227\/revisions"}],"wp:featuredmedia":[{"embeddable":true,"href":"https:\/\/sjcbancarios.com.br\/site\/wp-json\/wp\/v2\/media\/13228"}],"wp:attachment":[{"href":"https:\/\/sjcbancarios.com.br\/site\/wp-json\/wp\/v2\/media?parent=13227"}],"wp:term":[{"taxonomy":"category","embeddable":true,"href":"https:\/\/sjcbancarios.com.br\/site\/wp-json\/wp\/v2\/categories?post=13227"},{"taxonomy":"post_tag","embeddable":true,"href":"https:\/\/sjcbancarios.com.br\/site\/wp-json\/wp\/v2\/tags?post=13227"}],"curies":[{"name":"wp","href":"https:\/\/api.w.org\/{rel}","templated":true}]}}