{"id":13223,"date":"2020-09-17T10:07:28","date_gmt":"2020-09-17T13:07:28","guid":{"rendered":"https:\/\/sjcbancarios.com.br\/site\/?p=13223"},"modified":"2020-09-21T15:16:09","modified_gmt":"2020-09-21T18:16:09","slug":"mercantil-do-brasil-antecipa-plr-e-abono","status":"publish","type":"post","link":"https:\/\/sjcbancarios.com.br\/site\/noticias\/mercantil-do-brasil-antecipa-plr-e-abono\/","title":{"rendered":"Mercantil do Brasil antecipa PLR e abono"},"content":{"rendered":"<p><strong>Pagamentos est\u00e3o programados para o pr\u00f3ximo dia 18<\/strong><\/p>\n<p><img loading=\"lazy\" decoding=\"async\" class=\"alignnone wp-image-13225 size-full\" src=\"https:\/\/sjcbancarios.com.br\/site\/wp-content\/uploads\/2020\/09\/merc-brail-1.jpeg\" alt=\"\" width=\"940\" height=\"788\" srcset=\"https:\/\/sjcbancarios.com.br\/site\/wp-content\/uploads\/2020\/09\/merc-brail-1.jpeg 940w, https:\/\/sjcbancarios.com.br\/site\/wp-content\/uploads\/2020\/09\/merc-brail-1-358x300.jpeg 358w, https:\/\/sjcbancarios.com.br\/site\/wp-content\/uploads\/2020\/09\/merc-brail-1-768x644.jpeg 768w, https:\/\/sjcbancarios.com.br\/site\/wp-content\/uploads\/2020\/09\/merc-brail-1-24x20.jpeg 24w, https:\/\/sjcbancarios.com.br\/site\/wp-content\/uploads\/2020\/09\/merc-brail-1-36x30.jpeg 36w, https:\/\/sjcbancarios.com.br\/site\/wp-content\/uploads\/2020\/09\/merc-brail-1-48x40.jpeg 48w\" sizes=\"(max-width: 940px) 100vw, 940px\" \/><\/p>\n<p>Banc\u00e1rios do Mercantil do Brasil receber\u00e3o no pr\u00f3ximo dia 18 de setembro, o pagamento da PLR e do abono de R$ 2 mil. Os valores ser\u00e3o creditados junto com a folha de pagamento que vir\u00e1 com sal\u00e1rios j\u00e1 reajustados em 1,5%.<br \/>\nDe acordo com os funcion\u00e1rios, os valores de PLR obedecer\u00e3o \u00e0s regras da Conven\u00e7\u00e3o Coletiva de Trabalho, com o Mercantil distribuindo o limite de 13,8% do lucro de forma proporcional. A PLR adicional ser\u00e1 de aproximadamente R$ 550,00, com a distribui\u00e7\u00e3o linear de 2,2% do lucro apurado.<br \/>\n\u201cO que temos s\u00e3o os acordos assinados sendo cumpridos. Um momento que fortalece a categoria e demonstra a import\u00e2ncia do movimento sindical\u201d, destaca Jeferson Boava, presidente da Federa\u00e7\u00e3o dos Empregados em Estabelecimentos Banc\u00e1rios dos Estados de S\u00e3o Paulo e Mato Grosso do Sul.<\/p>\n<p>Fonte: Feeb SP\/MS<\/p>\n","protected":false},"excerpt":{"rendered":"<p class=\"excerpt\">Pagamentos est\u00e3o programados para o pr\u00f3ximo dia 18 Banc\u00e1rios do Mercantil do Brasil receber\u00e3o no pr\u00f3ximo dia 18 de setembro, o pagamento da PLR e do abono de R$ 2 mil. Os valores ser\u00e3o creditados junto com a folha de pagamento que vir\u00e1 com sal\u00e1rios j\u00e1 reajustados em 1,5%. De acordo com os funcion\u00e1rios, os [&hellip;]<\/p>\n","protected":false},"author":2,"featured_media":13224,"comment_status":"closed","ping_status":"closed","sticky":false,"template":"","format":"standard","meta":{"_et_pb_use_builder":"","_et_pb_old_content":"","_et_gb_content_width":"","footnotes":""},"categories":[13],"tags":[],"class_list":["post-13223","post","type-post","status-publish","format-standard","has-post-thumbnail","hentry","category-noticias"],"_links":{"self":[{"href":"https:\/\/sjcbancarios.com.br\/site\/wp-json\/wp\/v2\/posts\/13223","targetHints":{"allow":["GET"]}}],"collection":[{"href":"https:\/\/sjcbancarios.com.br\/site\/wp-json\/wp\/v2\/posts"}],"about":[{"href":"https:\/\/sjcbancarios.com.br\/site\/wp-json\/wp\/v2\/types\/post"}],"author":[{"embeddable":true,"href":"https:\/\/sjcbancarios.com.br\/site\/wp-json\/wp\/v2\/users\/2"}],"replies":[{"embeddable":true,"href":"https:\/\/sjcbancarios.com.br\/site\/wp-json\/wp\/v2\/comments?post=13223"}],"version-history":[{"count":0,"href":"https:\/\/sjcbancarios.com.br\/site\/wp-json\/wp\/v2\/posts\/13223\/revisions"}],"wp:featuredmedia":[{"embeddable":true,"href":"https:\/\/sjcbancarios.com.br\/site\/wp-json\/wp\/v2\/media\/13224"}],"wp:attachment":[{"href":"https:\/\/sjcbancarios.com.br\/site\/wp-json\/wp\/v2\/media?parent=13223"}],"wp:term":[{"taxonomy":"category","embeddable":true,"href":"https:\/\/sjcbancarios.com.br\/site\/wp-json\/wp\/v2\/categories?post=13223"},{"taxonomy":"post_tag","embeddable":true,"href":"https:\/\/sjcbancarios.com.br\/site\/wp-json\/wp\/v2\/tags?post=13223"}],"curies":[{"name":"wp","href":"https:\/\/api.w.org\/{rel}","templated":true}]}}