{"id":13159,"date":"2020-09-05T11:49:22","date_gmt":"2020-09-05T14:49:22","guid":{"rendered":"https:\/\/sjcbancarios.com.br\/site\/?p=13159"},"modified":"2020-09-10T11:55:03","modified_gmt":"2020-09-10T14:55:03","slug":"feeb-e-seus-23-sindicatos-filiados-assinam-convencao-coletiva-e-acordos","status":"publish","type":"post","link":"https:\/\/sjcbancarios.com.br\/site\/noticias\/feeb-e-seus-23-sindicatos-filiados-assinam-convencao-coletiva-e-acordos\/","title":{"rendered":"Feeb e seus 23 sindicatos filiados assinam conven\u00e7\u00e3o coletiva e acordos"},"content":{"rendered":"<p><strong>Novo acordo tem validade para dois anos e garante manuten\u00e7\u00e3o dos direitos da categoria<\/strong><\/p>\n<p>A Federa\u00e7\u00e3o dos Empregados em Estabelecimentos Banc\u00e1rios dos Estados de S\u00e3o Paulo e Mato Grosso do Sul (FEEB SP MS) assinou nesta sexta-feira, 04, junto com o Comando Nacional dos Banc\u00e1rios e a Federa\u00e7\u00e3o Nacional dos Bancos a nova Conven\u00e7\u00e3o Coletiva de Trabalho (CCT). Os acordos coletivos de trabalho do Banco do Brasil e da Caixa Econ\u00f4mica Federal tamb\u00e9m foram assinados nesta tarde.<\/p>\n<p><img loading=\"lazy\" decoding=\"async\" class=\"alignnone wp-image-13160 size-full\" src=\"https:\/\/sjcbancarios.com.br\/site\/wp-content\/uploads\/2020\/09\/FEEB-1-scaled.jpeg\" alt=\"\" width=\"1048\" height=\"698\" srcset=\"https:\/\/sjcbancarios.com.br\/site\/wp-content\/uploads\/2020\/09\/FEEB-1-scaled.jpeg 1048w, https:\/\/sjcbancarios.com.br\/site\/wp-content\/uploads\/2020\/09\/FEEB-1-450x300.jpeg 450w, https:\/\/sjcbancarios.com.br\/site\/wp-content\/uploads\/2020\/09\/FEEB-1-1024x682.jpeg 1024w, https:\/\/sjcbancarios.com.br\/site\/wp-content\/uploads\/2020\/09\/FEEB-1-768x512.jpeg 768w, https:\/\/sjcbancarios.com.br\/site\/wp-content\/uploads\/2020\/09\/FEEB-1-24x16.jpeg 24w, https:\/\/sjcbancarios.com.br\/site\/wp-content\/uploads\/2020\/09\/FEEB-1-36x24.jpeg 36w, https:\/\/sjcbancarios.com.br\/site\/wp-content\/uploads\/2020\/09\/FEEB-1-48x32.jpeg 48w, https:\/\/sjcbancarios.com.br\/site\/wp-content\/uploads\/2020\/09\/FEEB-1-272x182.jpeg 272w\" sizes=\"(max-width: 1048px) 100vw, 1048px\" \/><br \/>\nO novo acordo, debatido por meio de diversas negocia\u00e7\u00f5es realizadas nos \u00faltimos meses, garante \u00e0 categoria reajuste salarial e abono de R$ 2 mil em 2020, al\u00e9m da manuten\u00e7\u00e3o dos direitos da Conven\u00e7\u00e3o Coletiva. Para 2021, o acordo garante a reposi\u00e7\u00e3o do INPC acumulado no per\u00edodo (1\u00ba de setembro de 2020 a 31 de agosto de 2021) e aumento real de 0,5% para sal\u00e1rios e demais verbas como vale-alimenta\u00e7\u00e3o e vale-refei\u00e7\u00e3o, assim como para os valores fixos e tetos da PLR.<\/p>\n<p>A Federa\u00e7\u00e3o dos Empregados em Estabelecimentos Banc\u00e1rios dos Estados de S\u00e3o Paulo e Mato Grosso do Sul, assinou os acordos juntos com seus 23 sindicatos filiados, Os Sindicatos de Rio Claro, Campinas, Tup\u00e3 e Piracicaba, oficializaram a assinatura presencialmente e os demais foram representados pela Feeb. A aprova\u00e7\u00e3o do acordo contou com o voto de aprova\u00e7\u00e3o de 8 mil banc\u00e1rios de sindicatos filiados \u00e0 Feeb.<\/p>\n<p><img loading=\"lazy\" decoding=\"async\" class=\"alignnone wp-image-13161 size-full\" src=\"https:\/\/sjcbancarios.com.br\/site\/wp-content\/uploads\/2020\/09\/FEEB-2-scaled.jpeg\" alt=\"\" width=\"1048\" height=\"698\" srcset=\"https:\/\/sjcbancarios.com.br\/site\/wp-content\/uploads\/2020\/09\/FEEB-2-scaled.jpeg 1048w, https:\/\/sjcbancarios.com.br\/site\/wp-content\/uploads\/2020\/09\/FEEB-2-450x300.jpeg 450w, https:\/\/sjcbancarios.com.br\/site\/wp-content\/uploads\/2020\/09\/FEEB-2-1024x682.jpeg 1024w, https:\/\/sjcbancarios.com.br\/site\/wp-content\/uploads\/2020\/09\/FEEB-2-768x512.jpeg 768w, https:\/\/sjcbancarios.com.br\/site\/wp-content\/uploads\/2020\/09\/FEEB-2-24x16.jpeg 24w, https:\/\/sjcbancarios.com.br\/site\/wp-content\/uploads\/2020\/09\/FEEB-2-36x24.jpeg 36w, https:\/\/sjcbancarios.com.br\/site\/wp-content\/uploads\/2020\/09\/FEEB-2-48x32.jpeg 48w, https:\/\/sjcbancarios.com.br\/site\/wp-content\/uploads\/2020\/09\/FEEB-2-272x182.jpeg 272w\" sizes=\"(max-width: 1048px) 100vw, 1048px\" \/><br \/>\nA assinatura do documento contribui para que os bancos se organizem para efetua\u00e7\u00e3o do pagamento das CCTs. O documento global para a CCT foi aprovado em sindicatos da categoria banc\u00e1ria de todo o pa\u00eds na \u00faltima segunda-feira (31), veja aqui.<\/p>\n<p>\u201cSuperamos um grande desafio que foi montar e fazer a negocia\u00e7\u00e3o de forma virtual, o que proporcionou mais reuni\u00f5es e rodadas de negocia\u00e7\u00e3o.<br \/>\nTivemos 14 rodadas de negocia\u00e7\u00e3o, com propostas rebaixadas e tentativa de retiradas de direitos da categoria, mas com muita luta e determina\u00e7\u00e3o, o Comando Nacional conseguiu evoluir e fechar um acordo importante, que para esse momento ao qual passamos, de pandemia, com desacelera\u00e7\u00e3o das atividades econ\u00f4micas, conseguimos garantir conquistas e direitos. Um momento importante da celebra\u00e7\u00e3o da nossa conven\u00e7\u00e3o coletiva de trabalho\u201d, disse Jeferson Boava, presidente da Feeb SP MS.<\/p>\n<p><img loading=\"lazy\" decoding=\"async\" class=\"alignnone wp-image-13162 size-full\" src=\"https:\/\/sjcbancarios.com.br\/site\/wp-content\/uploads\/2020\/09\/FEEB-3.jpeg\" alt=\"\" width=\"750\" height=\"562\" srcset=\"https:\/\/sjcbancarios.com.br\/site\/wp-content\/uploads\/2020\/09\/FEEB-3.jpeg 750w, https:\/\/sjcbancarios.com.br\/site\/wp-content\/uploads\/2020\/09\/FEEB-3-400x300.jpeg 400w, https:\/\/sjcbancarios.com.br\/site\/wp-content\/uploads\/2020\/09\/FEEB-3-24x18.jpeg 24w, https:\/\/sjcbancarios.com.br\/site\/wp-content\/uploads\/2020\/09\/FEEB-3-36x27.jpeg 36w, https:\/\/sjcbancarios.com.br\/site\/wp-content\/uploads\/2020\/09\/FEEB-3-48x36.jpeg 48w\" sizes=\"(max-width: 750px) 100vw, 750px\" \/><br \/>\nA pr\u00f3xima etapa prev\u00ea o acompanhamento do cumprimento do acordo e continuidade das discuss\u00f5es sobre pandemia e teletrabalho. \u201cFechada essa etapa de negocia\u00e7\u00f5es, nosso papel agora \u00e9 verificar o cumprimento do acordo da CCT em sua totalidade. Contamos mais uma vez com o empenho dos sindicatos para fiscalizar o pagamento do acordo e o dia a dia dos banc\u00e1rios\u201d, explica.<\/p>\n<p><strong>PLR e Abono<\/strong><br \/>\nPara os acordos assinados com a Fenaban, a previs\u00e3o de pagamento para a PLR e abono \u00e9 para at\u00e9 o dia 30 de setembro.<br \/>\nJ\u00e1 os acordos assinados pelo Banco do Brasil e Caixa, a previs\u00e3o de pagamento \u00e9 de 10 dias \u00fateis ap\u00f3s assinatura do documento.<\/p>\n<p>Fonte: FeebSP\/MS<\/p>\n","protected":false},"excerpt":{"rendered":"<p class=\"excerpt\">Novo acordo tem validade para dois anos e garante manuten\u00e7\u00e3o dos direitos da categoria A Federa\u00e7\u00e3o dos Empregados em Estabelecimentos Banc\u00e1rios dos Estados de S\u00e3o Paulo e Mato Grosso do Sul (FEEB SP MS) assinou nesta sexta-feira, 04, junto com o Comando Nacional dos Banc\u00e1rios e a Federa\u00e7\u00e3o Nacional dos Bancos a nova Conven\u00e7\u00e3o Coletiva [&hellip;]<\/p>\n","protected":false},"author":2,"featured_media":13163,"comment_status":"closed","ping_status":"closed","sticky":false,"template":"","format":"standard","meta":{"_et_pb_use_builder":"","_et_pb_old_content":"","_et_gb_content_width":"","footnotes":""},"categories":[13],"tags":[],"class_list":["post-13159","post","type-post","status-publish","format-standard","has-post-thumbnail","hentry","category-noticias"],"_links":{"self":[{"href":"https:\/\/sjcbancarios.com.br\/site\/wp-json\/wp\/v2\/posts\/13159","targetHints":{"allow":["GET"]}}],"collection":[{"href":"https:\/\/sjcbancarios.com.br\/site\/wp-json\/wp\/v2\/posts"}],"about":[{"href":"https:\/\/sjcbancarios.com.br\/site\/wp-json\/wp\/v2\/types\/post"}],"author":[{"embeddable":true,"href":"https:\/\/sjcbancarios.com.br\/site\/wp-json\/wp\/v2\/users\/2"}],"replies":[{"embeddable":true,"href":"https:\/\/sjcbancarios.com.br\/site\/wp-json\/wp\/v2\/comments?post=13159"}],"version-history":[{"count":0,"href":"https:\/\/sjcbancarios.com.br\/site\/wp-json\/wp\/v2\/posts\/13159\/revisions"}],"wp:featuredmedia":[{"embeddable":true,"href":"https:\/\/sjcbancarios.com.br\/site\/wp-json\/wp\/v2\/media\/13163"}],"wp:attachment":[{"href":"https:\/\/sjcbancarios.com.br\/site\/wp-json\/wp\/v2\/media?parent=13159"}],"wp:term":[{"taxonomy":"category","embeddable":true,"href":"https:\/\/sjcbancarios.com.br\/site\/wp-json\/wp\/v2\/categories?post=13159"},{"taxonomy":"post_tag","embeddable":true,"href":"https:\/\/sjcbancarios.com.br\/site\/wp-json\/wp\/v2\/tags?post=13159"}],"curies":[{"name":"wp","href":"https:\/\/api.w.org\/{rel}","templated":true}]}}