{"id":13153,"date":"2020-09-10T11:46:06","date_gmt":"2020-09-10T14:46:06","guid":{"rendered":"https:\/\/sjcbancarios.com.br\/site\/?p=13153"},"modified":"2020-09-11T09:19:22","modified_gmt":"2020-09-11T12:19:22","slug":"licenca-paternidade-para-bancarios-do-santander-sera-de-28-dias","status":"publish","type":"post","link":"https:\/\/sjcbancarios.com.br\/site\/noticias\/licenca-paternidade-para-bancarios-do-santander-sera-de-28-dias\/","title":{"rendered":"Licen\u00e7a paternidade para banc\u00e1rios do Santander ser\u00e1 de 28 dias"},"content":{"rendered":"<p><strong>Decis\u00e3o passa a valer a partir de janeiro de 2021<\/strong><\/p>\n<p>A licen\u00e7a paternidade para banc\u00e1rios do Santander passa a ter validade para 28 dias. A decis\u00e3o tem validade para unidades do Santander instaladas em todos os pa\u00edses.<\/p>\n<p>Para a representante da Feeb no COE Santander, Patr\u00edcia Bassanin, esta \u00e9 uma grande conquista. \u201cA decis\u00e3o representa um avan\u00e7o para a categoria\u201d, comemora.<\/p>\n<p>A decis\u00e3o tem validade a partir de janeiro de 2021. No Brasil, a Constitui\u00e7\u00e3o Federal assegura licen\u00e7a paternidade de cinco dias. No caso da categoria banc\u00e1ria, a cl\u00e1usula 26\u00aa da nova CCT possibilita a prorroga\u00e7\u00e3o por mais 15 dias e exige curso de paternidade respons\u00e1vel.<\/p>\n<p><img loading=\"lazy\" decoding=\"async\" class=\"aligncenter wp-image-13154 size-full\" src=\"https:\/\/sjcbancarios.com.br\/site\/wp-content\/uploads\/2020\/09\/lic-santander.jpg\" alt=\"\" width=\"940\" height=\"788\" srcset=\"https:\/\/sjcbancarios.com.br\/site\/wp-content\/uploads\/2020\/09\/lic-santander.jpg 940w, https:\/\/sjcbancarios.com.br\/site\/wp-content\/uploads\/2020\/09\/lic-santander-358x300.jpg 358w, https:\/\/sjcbancarios.com.br\/site\/wp-content\/uploads\/2020\/09\/lic-santander-768x644.jpg 768w, https:\/\/sjcbancarios.com.br\/site\/wp-content\/uploads\/2020\/09\/lic-santander-24x20.jpg 24w, https:\/\/sjcbancarios.com.br\/site\/wp-content\/uploads\/2020\/09\/lic-santander-36x30.jpg 36w, https:\/\/sjcbancarios.com.br\/site\/wp-content\/uploads\/2020\/09\/lic-santander-48x40.jpg 48w\" sizes=\"(max-width: 940px) 100vw, 940px\" \/><\/p>\n<p>Fonte: FeebSP\/MS<\/p>\n","protected":false},"excerpt":{"rendered":"<p class=\"excerpt\">Decis\u00e3o passa a valer a partir de janeiro de 2021 A licen\u00e7a paternidade para banc\u00e1rios do Santander passa a ter validade para 28 dias. A decis\u00e3o tem validade para unidades do Santander instaladas em todos os pa\u00edses. Para a representante da Feeb no COE Santander, Patr\u00edcia Bassanin, esta \u00e9 uma grande conquista. \u201cA decis\u00e3o representa [&hellip;]<\/p>\n","protected":false},"author":2,"featured_media":13155,"comment_status":"closed","ping_status":"closed","sticky":false,"template":"","format":"standard","meta":{"_et_pb_use_builder":"","_et_pb_old_content":"","_et_gb_content_width":"","footnotes":""},"categories":[13,155],"tags":[],"class_list":["post-13153","post","type-post","status-publish","format-standard","has-post-thumbnail","hentry","category-noticias","category-noticias-em-destaque"],"_links":{"self":[{"href":"https:\/\/sjcbancarios.com.br\/site\/wp-json\/wp\/v2\/posts\/13153","targetHints":{"allow":["GET"]}}],"collection":[{"href":"https:\/\/sjcbancarios.com.br\/site\/wp-json\/wp\/v2\/posts"}],"about":[{"href":"https:\/\/sjcbancarios.com.br\/site\/wp-json\/wp\/v2\/types\/post"}],"author":[{"embeddable":true,"href":"https:\/\/sjcbancarios.com.br\/site\/wp-json\/wp\/v2\/users\/2"}],"replies":[{"embeddable":true,"href":"https:\/\/sjcbancarios.com.br\/site\/wp-json\/wp\/v2\/comments?post=13153"}],"version-history":[{"count":0,"href":"https:\/\/sjcbancarios.com.br\/site\/wp-json\/wp\/v2\/posts\/13153\/revisions"}],"wp:featuredmedia":[{"embeddable":true,"href":"https:\/\/sjcbancarios.com.br\/site\/wp-json\/wp\/v2\/media\/13155"}],"wp:attachment":[{"href":"https:\/\/sjcbancarios.com.br\/site\/wp-json\/wp\/v2\/media?parent=13153"}],"wp:term":[{"taxonomy":"category","embeddable":true,"href":"https:\/\/sjcbancarios.com.br\/site\/wp-json\/wp\/v2\/categories?post=13153"},{"taxonomy":"post_tag","embeddable":true,"href":"https:\/\/sjcbancarios.com.br\/site\/wp-json\/wp\/v2\/tags?post=13153"}],"curies":[{"name":"wp","href":"https:\/\/api.w.org\/{rel}","templated":true}]}}