{"id":13141,"date":"2020-09-08T13:42:37","date_gmt":"2020-09-08T16:42:37","guid":{"rendered":"https:\/\/sjcbancarios.com.br\/site\/?p=13141"},"modified":"2020-10-05T14:41:10","modified_gmt":"2020-10-05T17:41:10","slug":"nota-de-falecimento-geraldo-soares-dos-santos","status":"publish","type":"post","link":"https:\/\/sjcbancarios.com.br\/site\/noticias\/nota-de-falecimento-geraldo-soares-dos-santos\/","title":{"rendered":"Nota de Falecimento &#8211; Geraldo Soares dos Santos"},"content":{"rendered":"<p><strong>\u00c9 com muito pesar que comunicamos o falecimento (06\/09\/2020) do nosso companheiro de lutas, ex presidente do sindicato, <span style=\"color: #000080;\">Geraldo Soares dos Santos.<\/span><\/strong><\/p>\n<p><img loading=\"lazy\" decoding=\"async\" class=\"aligncenter wp-image-13151 size-medium\" src=\"https:\/\/sjcbancarios.com.br\/site\/wp-content\/uploads\/2020\/09\/geraldo-1-233x300.jpg\" alt=\"\" width=\"233\" height=\"300\" srcset=\"https:\/\/sjcbancarios.com.br\/site\/wp-content\/uploads\/2020\/09\/geraldo-1-233x300.jpg 233w, https:\/\/sjcbancarios.com.br\/site\/wp-content\/uploads\/2020\/09\/geraldo-1-19x24.jpg 19w, https:\/\/sjcbancarios.com.br\/site\/wp-content\/uploads\/2020\/09\/geraldo-1-28x36.jpg 28w, https:\/\/sjcbancarios.com.br\/site\/wp-content\/uploads\/2020\/09\/geraldo-1-37x48.jpg 37w, https:\/\/sjcbancarios.com.br\/site\/wp-content\/uploads\/2020\/09\/geraldo-1.jpg 473w\" sizes=\"(max-width: 233px) 100vw, 233px\" \/><\/p>\n<p><strong>A diretoria do Sindicato agradece por sua trajet\u00f3ria e contribui\u00e7\u00e3o nesta entidade.<\/strong><\/p>\n<p><strong>Sem d\u00favida uma perda inestim\u00e1vel, que ficar\u00e1 para sempre em nossa mem\u00f3ria e nossos cora\u00e7\u00f5es!<\/strong><\/p>\n<p>&nbsp;<\/p>\n<p><strong>Saudades,<\/strong><\/p>\n<p><strong><span style=\"background-color: #ffffff;\">Sindicato dos Banc\u00e1rios de S\u00e3o Jos\u00e9 dos Campos e Regi\u00e3o<\/span><\/strong><\/p>\n","protected":false},"excerpt":{"rendered":"<p class=\"excerpt\">\u00c9 com muito pesar que comunicamos o falecimento (06\/09\/2020) do nosso companheiro de lutas, ex presidente do sindicato, Geraldo Soares dos Santos. A diretoria do Sindicato agradece por sua trajet\u00f3ria e contribui\u00e7\u00e3o nesta entidade. Sem d\u00favida uma perda inestim\u00e1vel, que ficar\u00e1 para sempre em nossa mem\u00f3ria e nossos cora\u00e7\u00f5es! &nbsp; Saudades, Sindicato dos Banc\u00e1rios de [&hellip;]<\/p>\n","protected":false},"author":2,"featured_media":13142,"comment_status":"closed","ping_status":"closed","sticky":false,"template":"","format":"standard","meta":{"_et_pb_use_builder":"","_et_pb_old_content":"","_et_gb_content_width":"","footnotes":""},"categories":[13],"tags":[],"class_list":["post-13141","post","type-post","status-publish","format-standard","has-post-thumbnail","hentry","category-noticias"],"_links":{"self":[{"href":"https:\/\/sjcbancarios.com.br\/site\/wp-json\/wp\/v2\/posts\/13141","targetHints":{"allow":["GET"]}}],"collection":[{"href":"https:\/\/sjcbancarios.com.br\/site\/wp-json\/wp\/v2\/posts"}],"about":[{"href":"https:\/\/sjcbancarios.com.br\/site\/wp-json\/wp\/v2\/types\/post"}],"author":[{"embeddable":true,"href":"https:\/\/sjcbancarios.com.br\/site\/wp-json\/wp\/v2\/users\/2"}],"replies":[{"embeddable":true,"href":"https:\/\/sjcbancarios.com.br\/site\/wp-json\/wp\/v2\/comments?post=13141"}],"version-history":[{"count":0,"href":"https:\/\/sjcbancarios.com.br\/site\/wp-json\/wp\/v2\/posts\/13141\/revisions"}],"wp:featuredmedia":[{"embeddable":true,"href":"https:\/\/sjcbancarios.com.br\/site\/wp-json\/wp\/v2\/media\/13142"}],"wp:attachment":[{"href":"https:\/\/sjcbancarios.com.br\/site\/wp-json\/wp\/v2\/media?parent=13141"}],"wp:term":[{"taxonomy":"category","embeddable":true,"href":"https:\/\/sjcbancarios.com.br\/site\/wp-json\/wp\/v2\/categories?post=13141"},{"taxonomy":"post_tag","embeddable":true,"href":"https:\/\/sjcbancarios.com.br\/site\/wp-json\/wp\/v2\/tags?post=13141"}],"curies":[{"name":"wp","href":"https:\/\/api.w.org\/{rel}","templated":true}]}}