{"id":13135,"date":"2020-09-04T09:54:36","date_gmt":"2020-09-04T12:54:36","guid":{"rendered":"https:\/\/sjcbancarios.com.br\/site\/?p=13135"},"modified":"2020-09-08T12:41:45","modified_gmt":"2020-09-08T15:41:45","slug":"bancarios-assinam-na-proxima-sexta-4-acordo-com-a-fenaban","status":"publish","type":"post","link":"https:\/\/sjcbancarios.com.br\/site\/noticias\/bancarios-assinam-na-proxima-sexta-4-acordo-com-a-fenaban\/","title":{"rendered":"Banc\u00e1rios assinam hoje sexta (4) acordo com a Fenaban"},"content":{"rendered":"<p>Acordo tem validade por dois anos e garante a manuten\u00e7\u00e3o dos direitos da categoria<\/p>\n<p>A Federa\u00e7\u00e3o dos Empregados em Estabelecimentos Banc\u00e1rios dos Estados de S\u00e3o Paulo e Mato Grosso do Sul (FEEB SP MS) e seus Sindicatos filiados, assinam com a Federa\u00e7\u00e3o Nacional dos Bancos a nova Conven\u00e7\u00e3o Coletiva de Trabalho (CCT). O acordo garante reajuste salarial e abono de R$ 2 mil em 2020, al\u00e9m da manuten\u00e7\u00e3o dos direitos da Conven\u00e7\u00e3o Coletiva. Para 2021, o acordo garante a reposi\u00e7\u00e3o do INPC acumulado no per\u00edodo (1\u00ba de setembro de 2020 a 31 de agosto de 2021) e aumento real de 0,5% para sal\u00e1rios e demais verbas como vale-alimenta\u00e7\u00e3o e vale-refei\u00e7\u00e3o, assim como para os valores fixos e tetos da PLR.<\/p>\n<p>O objetivo da assinatura \u00e9 possibilitar aos bancos a organiza\u00e7\u00e3o para a efetua\u00e7\u00e3o do pagamento.<\/p>\n<p>Na \u00faltima segunda-feira, 31, o acordo para a CCT foi aprovado em sindicatos da categoria banc\u00e1ria de todo o pa\u00eds. A Federa\u00e7\u00e3o dos Empregados em Estabelecimentos Banc\u00e1rios dos Estados de S\u00e3o Paulo e Mato Grosso do Sul (Feeb SP MS) indicou a aprova\u00e7\u00e3o da proposta, conforme orienta\u00e7\u00e3o do Comando Nacional. No total, 8 mil votantes de Sindicatos filiados \u00e0 Feeb optaram pela aprova\u00e7\u00e3o dos acordos.<\/p>\n<p>&#8220;A assinatura finaliza o processo de negocia\u00e7\u00e3o e aprova\u00e7\u00e3o do acordo nas assembleias por ampla maioria dos banc\u00e1rios\u201d, destaca o presidente da Feeb e integrante do Comando Nacional dos Banc\u00e1rios, Jeferson Boava.<\/p>\n<p>Saiba mais: Sindicatos da Feeb aprovam acordos da Fenaban, Banco do Brasil e Caixa<\/p>\n<p>Acompanhe nossas redes sociais.<\/p>\n<p>Fonte: Feeb<\/p>\n","protected":false},"excerpt":{"rendered":"<p class=\"excerpt\">Acordo tem validade por dois anos e garante a manuten\u00e7\u00e3o dos direitos da categoria A Federa\u00e7\u00e3o dos Empregados em Estabelecimentos Banc\u00e1rios dos Estados de S\u00e3o Paulo e Mato Grosso do Sul (FEEB SP MS) e seus Sindicatos filiados, assinam com a Federa\u00e7\u00e3o Nacional dos Bancos a nova Conven\u00e7\u00e3o Coletiva de Trabalho (CCT). O acordo garante [&hellip;]<\/p>\n","protected":false},"author":2,"featured_media":13136,"comment_status":"closed","ping_status":"closed","sticky":false,"template":"","format":"standard","meta":{"_et_pb_use_builder":"","_et_pb_old_content":"","_et_gb_content_width":"","footnotes":""},"categories":[13],"tags":[],"class_list":["post-13135","post","type-post","status-publish","format-standard","has-post-thumbnail","hentry","category-noticias"],"_links":{"self":[{"href":"https:\/\/sjcbancarios.com.br\/site\/wp-json\/wp\/v2\/posts\/13135","targetHints":{"allow":["GET"]}}],"collection":[{"href":"https:\/\/sjcbancarios.com.br\/site\/wp-json\/wp\/v2\/posts"}],"about":[{"href":"https:\/\/sjcbancarios.com.br\/site\/wp-json\/wp\/v2\/types\/post"}],"author":[{"embeddable":true,"href":"https:\/\/sjcbancarios.com.br\/site\/wp-json\/wp\/v2\/users\/2"}],"replies":[{"embeddable":true,"href":"https:\/\/sjcbancarios.com.br\/site\/wp-json\/wp\/v2\/comments?post=13135"}],"version-history":[{"count":0,"href":"https:\/\/sjcbancarios.com.br\/site\/wp-json\/wp\/v2\/posts\/13135\/revisions"}],"wp:featuredmedia":[{"embeddable":true,"href":"https:\/\/sjcbancarios.com.br\/site\/wp-json\/wp\/v2\/media\/13136"}],"wp:attachment":[{"href":"https:\/\/sjcbancarios.com.br\/site\/wp-json\/wp\/v2\/media?parent=13135"}],"wp:term":[{"taxonomy":"category","embeddable":true,"href":"https:\/\/sjcbancarios.com.br\/site\/wp-json\/wp\/v2\/categories?post=13135"},{"taxonomy":"post_tag","embeddable":true,"href":"https:\/\/sjcbancarios.com.br\/site\/wp-json\/wp\/v2\/tags?post=13135"}],"curies":[{"name":"wp","href":"https:\/\/api.w.org\/{rel}","templated":true}]}}