{"id":13098,"date":"2020-08-31T09:22:18","date_gmt":"2020-08-31T12:22:18","guid":{"rendered":"https:\/\/sjcbancarios.com.br\/site\/?p=13098"},"modified":"2020-09-01T09:25:23","modified_gmt":"2020-09-01T12:25:23","slug":"campanha-salarial-dos-bancarios-2020-reuniao-fenaban-2","status":"publish","type":"post","link":"https:\/\/sjcbancarios.com.br\/site\/noticias\/campanha-salarial-dos-bancarios-2020-reuniao-fenaban-2\/","title":{"rendered":"CAMPANHA SALARIAL DOS BANC\u00c1RIOS 2020 \u2013 Reuni\u00e3o Fenaban"},"content":{"rendered":"<p>A partir das 18 h deste domingo (30), a Comiss\u00e3o Executiva Banc\u00e1ria Nacional de Negocia\u00e7\u00e3o \u2013 CEBNN\/CONTEC voltou a se reunir \u2013 via remota\/virtual \u2013, com a Comiss\u00e3o de Negocia\u00e7\u00e3o da FENABAN, para concluir os debates das reivindica\u00e7\u00f5es dos banc\u00e1rios para a presente data-base, objetivando manter os direitos garantidos na Conven\u00e7\u00e3o Coletiva de Trabalho em vigor e acrescentar outros benef\u00edcios, para melhorar as condi\u00e7\u00f5es de vida dos banc\u00e1rios al\u00e9m de aperfei\u00e7oar o atendimento \u00e0 sociedade.<\/p>\n<p>O tema em pauta neste domingo continuou sendo o teletrabalho, havendo as partes ajustado na retirada do tema na CCT, permanecendo apenas o trabalho em home office durante o per\u00edodo da pandemia COVID-19, continuando os debates a respeito do teletrabalho.<\/p>\n<p>Considerando que estamos passando por um per\u00edodo de pandemia que abala toda a sociedade mundial, com cerca de 40% dos banc\u00e1rios trabalhando em casa, bem como as dificuldades atuais de mobiliza\u00e7\u00e3o, a CONTEC avalia como bom o resultado alcan\u00e7ado, ao tempo que informa que as propostas apresentadas pela FENABAN, BB e CAIXA, ser\u00e3o submetidas \u00e0s assembleias virtuais, que ocorrer\u00e3o amanh\u00e3 (31\/08).<\/p>\n<p>Segundo o negociador da FENABAN, a proposta que ser\u00e1 votada pelos banc\u00e1rios representa um impacto de mais de 8 bilh\u00f5es de reais, destacando que o vale alimenta\u00e7\u00e3o\/refei\u00e7\u00e3o anual alcan\u00e7a R$ 18.450,00.<\/p>\n<p>Recomendamos a aprova\u00e7\u00e3o da proposta pelas assembleias.<\/p>\n<p><img loading=\"lazy\" decoding=\"async\" class=\"alignnone wp-image-13099 size-large\" src=\"https:\/\/sjcbancarios.com.br\/site\/wp-content\/uploads\/2020\/09\/contec-1024x640.jpeg\" alt=\"\" width=\"1024\" height=\"640\" srcset=\"https:\/\/sjcbancarios.com.br\/site\/wp-content\/uploads\/2020\/09\/contec-1024x640.jpeg 1024w, https:\/\/sjcbancarios.com.br\/site\/wp-content\/uploads\/2020\/09\/contec-450x281.jpeg 450w, https:\/\/sjcbancarios.com.br\/site\/wp-content\/uploads\/2020\/09\/contec-768x480.jpeg 768w, https:\/\/sjcbancarios.com.br\/site\/wp-content\/uploads\/2020\/09\/contec-24x15.jpeg 24w, https:\/\/sjcbancarios.com.br\/site\/wp-content\/uploads\/2020\/09\/contec-36x23.jpeg 36w, https:\/\/sjcbancarios.com.br\/site\/wp-content\/uploads\/2020\/09\/contec-48x30.jpeg 48w, https:\/\/sjcbancarios.com.br\/site\/wp-content\/uploads\/2020\/09\/contec-scaled.jpeg 1048w\" sizes=\"(max-width: 1024px) 100vw, 1024px\" \/><\/p>\n<p>Comiss\u00e3o Executiva Banc\u00e1ria Nacional de Negocia\u00e7\u00e3o \u2013 CEBNN\/CONTEC<\/p>\n<p>Fonte: Contec<\/p>\n","protected":false},"excerpt":{"rendered":"<p class=\"excerpt\">A partir das 18 h deste domingo (30), a Comiss\u00e3o Executiva Banc\u00e1ria Nacional de Negocia\u00e7\u00e3o \u2013 CEBNN\/CONTEC voltou a se reunir \u2013 via remota\/virtual \u2013, com a Comiss\u00e3o de Negocia\u00e7\u00e3o da FENABAN, para concluir os debates das reivindica\u00e7\u00f5es dos banc\u00e1rios para a presente data-base, objetivando manter os direitos garantidos na Conven\u00e7\u00e3o Coletiva de Trabalho em [&hellip;]<\/p>\n","protected":false},"author":2,"featured_media":13100,"comment_status":"closed","ping_status":"closed","sticky":false,"template":"","format":"standard","meta":{"_et_pb_use_builder":"","_et_pb_old_content":"","_et_gb_content_width":"","footnotes":""},"categories":[13],"tags":[],"class_list":["post-13098","post","type-post","status-publish","format-standard","has-post-thumbnail","hentry","category-noticias"],"_links":{"self":[{"href":"https:\/\/sjcbancarios.com.br\/site\/wp-json\/wp\/v2\/posts\/13098","targetHints":{"allow":["GET"]}}],"collection":[{"href":"https:\/\/sjcbancarios.com.br\/site\/wp-json\/wp\/v2\/posts"}],"about":[{"href":"https:\/\/sjcbancarios.com.br\/site\/wp-json\/wp\/v2\/types\/post"}],"author":[{"embeddable":true,"href":"https:\/\/sjcbancarios.com.br\/site\/wp-json\/wp\/v2\/users\/2"}],"replies":[{"embeddable":true,"href":"https:\/\/sjcbancarios.com.br\/site\/wp-json\/wp\/v2\/comments?post=13098"}],"version-history":[{"count":0,"href":"https:\/\/sjcbancarios.com.br\/site\/wp-json\/wp\/v2\/posts\/13098\/revisions"}],"wp:featuredmedia":[{"embeddable":true,"href":"https:\/\/sjcbancarios.com.br\/site\/wp-json\/wp\/v2\/media\/13100"}],"wp:attachment":[{"href":"https:\/\/sjcbancarios.com.br\/site\/wp-json\/wp\/v2\/media?parent=13098"}],"wp:term":[{"taxonomy":"category","embeddable":true,"href":"https:\/\/sjcbancarios.com.br\/site\/wp-json\/wp\/v2\/categories?post=13098"},{"taxonomy":"post_tag","embeddable":true,"href":"https:\/\/sjcbancarios.com.br\/site\/wp-json\/wp\/v2\/tags?post=13098"}],"curies":[{"name":"wp","href":"https:\/\/api.w.org\/{rel}","templated":true}]}}