{"id":13048,"date":"2020-08-29T16:01:16","date_gmt":"2020-08-29T19:01:16","guid":{"rendered":"https:\/\/sjcbancarios.com.br\/site\/?p=13048"},"modified":"2020-08-30T17:00:27","modified_gmt":"2020-08-30T20:00:27","slug":"bancos-privados-assembleia-a-partir-das-19-horas-de-hoje-dia-29","status":"publish","type":"post","link":"https:\/\/sjcbancarios.com.br\/site\/noticias-em-destaque\/bancos-privados-assembleia-a-partir-das-19-horas-de-hoje-dia-29\/","title":{"rendered":"BANCOS PRIVADOS &#8211; Assembleia a partir das 20 horas de HOJE, dia 30."},"content":{"rendered":"<p>O Sindicato realiza assembleia geral extraordin\u00e1ria virtual a partir das 20 horas de hoje, dia 30 e encerra as 23h59 horas do dia 31, para avaliar e votar a proposta de acordo para Campanha Salarial 2020. (<a href=\"https:\/\/sjcbancarios.com.br\/site\/noticias\/edital-de-convocacao-de-assembleia-geral-extraordinaria-2\/\">Acesse o edital<\/a>)<\/p>\n<p><a href=\"https:\/\/forms.gle\/waPj1X7vNNH238JL9\">ASSEMBLEIA VOTE AQUI<\/a><\/p>\n<p>Ap\u00f3s v\u00e1rias horas de negocia\u00e7\u00e3o, iniciada na quinta-feira, 27, \u00e0s 16h e estendida at\u00e9 esta sexta-feira, a Fenaban finalmente prop\u00f4s reajuste de 1,5% para sal\u00e1rios, com abono de R$ 2 mil. Reposi\u00e7\u00e3o da infla\u00e7\u00e3o (estimada em 2,74% no per\u00edodo) para demais verbas, como vales alimenta\u00e7\u00e3o e refei\u00e7\u00e3o e aux\u00edlio-creche\/bab\u00e1 tamb\u00e9m foram propostos.<\/p>\n<p>A Campanha Nacional dos Banc\u00e1rios de 2020 finalmente avan\u00e7a e apresenta novas propostas. Para a representa\u00e7\u00e3o sindical, este \u00e9 o resultado da insist\u00eancia da categoria por melhores condi\u00e7\u00f5es.<\/p>\n<p>Reajuste de 1,5% + abono &#8211;\u00a0O reajuste de 1,5% nos sal\u00e1rios + abono de R$ 2.000,00 para todos este ano, garante em 12 meses valores acima do que seria obtido apenas com a aplica\u00e7\u00e3o do INPC para sal\u00e1rios at\u00e9 R$ 11.202,80, o que representa 79,1% do total de banc\u00e1rios. Isso j\u00e1 considerando o pagamento de 13\u00b0, f\u00e9rias e FGTS.<\/p>\n<p>Na PLR os valores ser\u00e3o corrigidos este ano pela varia\u00e7\u00e3o da infla\u00e7\u00e3o pelo INPC. Para 2021 a PLR ser\u00e1 corrigida pelo INPC, mais aumento de 0,5%. Outro an\u00fancio relevante foi a garantia dos direitos da conven\u00e7\u00e3o Coletiva de Trabalho (CCT) e da PLR.<\/p>\n<p>O Comando Nacional dos Banc\u00e1rios e o Sindicato orienta pela aprova\u00e7\u00e3o da proposta.<\/p>\n<p><strong>Avalia\u00e7\u00e3o:<\/strong><br \/>\n\u201cEm um ano de conjuntura extremamente adversa, onde temos uma pandemia, o n\u00edvel econ\u00f4mico em queda e com muitos ataques aos trabalhadores, a categoria se organiza \u00e0 altura e d\u00e1 a resposta para a tentativa de retirada de direitos, mant\u00e9m a conven\u00e7\u00e3o coletiva e suas conquistas por mais dois anos\u201d, analisa Jeferson Boava, presidente da Federa\u00e7\u00e3o dos Empregados em Estabelecimentos Banc\u00e1rios dos Estados de S\u00e3o Paulo e Mato Grosso do Sul, representante do Sindicato na mesa de negocia\u00e7\u00e3o.<\/p>\n<p>\u201cA mobiliza\u00e7\u00e3o da categoria nas redes sociais e o empenho do Comando dos banc\u00e1rios em pressionar nas negocia\u00e7\u00f5es deu resultado e conseguimos avan\u00e7ar. Para o Sindicato garantir a manuten\u00e7\u00e3o de todas as clausulas, neste momento de crise sanit\u00e1ria e econ\u00f4mica e de retirada de direitos \u00e9 sem d\u00favida a maior conquista desta Campanha Salarial 2020\u201d, avalia Ant\u00f4nio Marcos de Barros.<\/p>\n<p><strong>Veja os principais pontos da CCT que foram negociados:<\/strong><\/p>\n<p>&#x2611;&#xfe0f; Todos os direitos das Conven\u00e7\u00f5es Coletivas de Trabalho foram mantidos<\/p>\n<p>&#x1f539;Reajuste<\/p>\n<p>Proposta inicial: Fenaban prop\u00f4s reajuste ZERO<\/p>\n<p>Proposta final: 2020: Reajuste de 1,5% para sal\u00e1rios + abono de R$ 2 mil para todos. Garante em 12 meses valores acima do que seria obtido apenas com a aplica\u00e7\u00e3o do INPC para sal\u00e1rios at\u00e9 R$ 11.202,80, o que representa 79,1% do total de banc\u00e1rios (isso j\u00e1 considerando o pagamento de 13\u00b0, f\u00e9rias e FGTS). INPC sobre VR, VA, auxilio creche\/bab\u00e1, valores fixos e tetos da PLR.<\/p>\n<p>2021: Reposi\u00e7\u00e3o da infla\u00e7\u00e3o + 0,5% de aumento real para sal\u00e1rios e demais verbas, como VA, VR, aux\u00edlio-creche, valores fixos e tetos da PLR.<\/p>\n<p>&#x1f539; PLR<\/p>\n<p>Como come\u00e7ou: Fenaban queria redu\u00e7\u00e3o da PLR em at\u00e9 48%<\/p>\n<p>Proposta final: Mantida a regra atual da PLR como est\u00e1 e corrigidos os valores fixos pela infla\u00e7\u00e3o (INPC 2020).<br \/>\n\u2022 Exemplo: na primeira proposta um caixa ganharia, em m\u00e9dia, R$ 9.950,62. Ap\u00f3s a negocia\u00e7\u00e3o ganhar\u00e1, em m\u00e9dia, R$ 10.888,19<\/p>\n<p>&#x1f539; Aux\u00edlios<\/p>\n<p>\u2022 Aux\u00edlio-refei\u00e7\u00e3o: de R$ 807,40 para R$ 829,52(INPC). Proposta inicial: zero reajuste<\/p>\n<p>\u2022 Aux\u00edlio-alimenta\u00e7\u00e3o: de R$ 636,17 para R$ 653,52(INPC). Proposta inicial: zero reajuste<\/p>\n<p>\u2022 Cesta de Natal: de R$ 636,17 para R$ 653,52(INPC). proposta inicial: extin\u00e7\u00e3o<\/p>\n<p>\u2022 Aux\u00edlio creche\/bab\u00e1: de R$ 488,61 para R$ 502,00(INPC) Proposta inicial: zero reajuste<\/p>\n<p>&#x1f539; Gratifica\u00e7\u00e3o de fun\u00e7\u00e3o<\/p>\n<p>\u2022 A gratifica\u00e7\u00e3o de fun\u00e7\u00e3o seria rebaixada de 55% para 50%. Conseguimos derrubar e manter a reda\u00e7\u00e3o de 2018.<\/p>\n<p>&#x1f539; Home office<\/p>\n<p>Todas os direitos previstos na CCT por dois anos tamb\u00e9m valem para esses trabalhadores que estiverem em teletrabalho. <br \/>\nCompromisso de que quem est\u00e1 em teletrabalho hoje permanecer\u00e1 enquanto a pandemia perdurar.<br \/>\nN\u00e3o conseguimos evoluir para uma cl\u00e1usula especifica na Conven\u00e7\u00e3o sobre os demais pontos que reivindicamos, mas conseguimos compromisso de alguns bancos de negociar o home office com garantia de respeito \u00e0 jornada; m\u00f3veis adequados; fornecimento de equipamentos; ajuda de custo etc. Em breve anunciaremos.<\/p>\n<p>&#x1f539; *Quando vem a PLR e o abono?<\/p>\n<p>*O pagamento de ambos dever\u00e1 ser feito at\u00e9 30\/09\/2020.<\/p>\n<p>FONTE: Federa\u00e7\u00e3o dos Banc\u00e1rios de SPMS<\/p>\n","protected":false},"excerpt":{"rendered":"<p class=\"excerpt\">O Sindicato realiza assembleia geral extraordin\u00e1ria virtual a partir das 20 horas de hoje, dia 30 e encerra as 23h59 horas do dia 31, para avaliar e votar a proposta de acordo para Campanha Salarial 2020. (Acesse o edital) ASSEMBLEIA VOTE AQUI Ap\u00f3s v\u00e1rias horas de negocia\u00e7\u00e3o, iniciada na quinta-feira, 27, \u00e0s 16h e estendida [&hellip;]<\/p>\n","protected":false},"author":2,"featured_media":12679,"comment_status":"closed","ping_status":"closed","sticky":false,"template":"","format":"standard","meta":{"_et_pb_use_builder":"","_et_pb_old_content":"","_et_gb_content_width":"","footnotes":""},"categories":[155],"tags":[],"class_list":["post-13048","post","type-post","status-publish","format-standard","has-post-thumbnail","hentry","category-noticias-em-destaque"],"_links":{"self":[{"href":"https:\/\/sjcbancarios.com.br\/site\/wp-json\/wp\/v2\/posts\/13048","targetHints":{"allow":["GET"]}}],"collection":[{"href":"https:\/\/sjcbancarios.com.br\/site\/wp-json\/wp\/v2\/posts"}],"about":[{"href":"https:\/\/sjcbancarios.com.br\/site\/wp-json\/wp\/v2\/types\/post"}],"author":[{"embeddable":true,"href":"https:\/\/sjcbancarios.com.br\/site\/wp-json\/wp\/v2\/users\/2"}],"replies":[{"embeddable":true,"href":"https:\/\/sjcbancarios.com.br\/site\/wp-json\/wp\/v2\/comments?post=13048"}],"version-history":[{"count":0,"href":"https:\/\/sjcbancarios.com.br\/site\/wp-json\/wp\/v2\/posts\/13048\/revisions"}],"wp:featuredmedia":[{"embeddable":true,"href":"https:\/\/sjcbancarios.com.br\/site\/wp-json\/wp\/v2\/media\/12679"}],"wp:attachment":[{"href":"https:\/\/sjcbancarios.com.br\/site\/wp-json\/wp\/v2\/media?parent=13048"}],"wp:term":[{"taxonomy":"category","embeddable":true,"href":"https:\/\/sjcbancarios.com.br\/site\/wp-json\/wp\/v2\/categories?post=13048"},{"taxonomy":"post_tag","embeddable":true,"href":"https:\/\/sjcbancarios.com.br\/site\/wp-json\/wp\/v2\/tags?post=13048"}],"curies":[{"name":"wp","href":"https:\/\/api.w.org\/{rel}","templated":true}]}}