{"id":13045,"date":"2020-08-29T15:16:30","date_gmt":"2020-08-29T18:16:30","guid":{"rendered":"https:\/\/sjcbancarios.com.br\/site\/?p=13045"},"modified":"2020-08-30T16:59:14","modified_gmt":"2020-08-30T19:59:14","slug":"banco-do-brasil-assembleia-comeca-hoje-as-19-horas","status":"publish","type":"post","link":"https:\/\/sjcbancarios.com.br\/site\/noticias-em-destaque\/banco-do-brasil-assembleia-comeca-hoje-as-19-horas\/","title":{"rendered":"Banco do Brasil &#8211; Assembleia come\u00e7a HOJE dia 30 \u00e0s 20 horas."},"content":{"rendered":"<p style=\"text-align: justify;\"><span style=\"font-family: arial, helvetica, sans-serif;\">As negocia\u00e7\u00f5es entre a Comiss\u00e3o de Negocia\u00e7\u00e3o Contec \u00a0e o Banco do Brasil, ocorrida ontem sexta-feira (28), conseguiu reverter as tentativas do Banco do Brasil de cortar pela metade a Participa\u00e7\u00e3o nos Lucros e\/ou Resultados (PLR) e reduzir o ciclo avaliat\u00f3rio da Gest\u00e3o de Desempenho Profissional (GDP). As novas propostas ser\u00e3o votadas em assembleias realizadas a partir das 20h de hoje, dia 30, at\u00e9 \u00e0s 23h59 de segunda, 31. (<a href=\"https:\/\/sjcbancarios.com.br\/site\/noticias\/banco-do-brasil-edital-de-convocacao-de-consulta-assemblear\/\">Acesse o edital<\/a>)<\/span><\/p>\n<p><a href=\"https:\/\/forms.gle\/4DmufFEKfm7HLKt18\">ASSEMBLEIA VOTE AQUI<\/a><\/p>\n<p style=\"text-align: justify;\"><span style=\"font-family: arial, helvetica, sans-serif;\">\u201cAs negocia\u00e7\u00f5es foram exaustivas contra a retirada de direitos que o Banco queria impor para o funcionalismo nesta campanha. Avan\u00e7amos e conquistamos a manuten\u00e7\u00e3o de todas as clausulas sem maiores preju\u00edzos para os banc\u00e1rios. \u00c9 importante ressaltar que vivemos um momento adverso em meio \u00e0 pandemia, onde 50% dos funcion\u00e1rios est\u00e3o trabalhando em casa, o que prejudica a mobiliza\u00e7\u00e3o. Assim considerando os avan\u00e7os e garantias da manuten\u00e7\u00e3o de todos os benef\u00edcios negociados por dois anos, recomendo a aprova\u00e7\u00e3o da proposta\u201d, avalia Carlos de Souza, diretor do Sindicato e representante na mesa de negocia\u00e7\u00e3o da Contec.<\/span><\/p>\n<p style=\"text-align: justify;\"><span style=\"font-family: arial, helvetica, sans-serif;\"><b>Resumo das Propostas:<\/b><\/span><\/p>\n<p style=\"text-align: justify;\"><span style=\"font-family: arial, helvetica, sans-serif;\">&#x2611;&#xfe0f; Todos os direitos do Acordo Coletivo de Trabalho foram mantidos<\/span><\/p>\n<p style=\"text-align: justify;\"><span style=\"font-family: arial, helvetica, sans-serif;\">&#x1f539; PLR<\/span><\/p>\n<p style=\"text-align: justify;\"><span style=\"font-family: arial, helvetica, sans-serif;\">Proposta inicial: Redu\u00e7\u00e3o da distribui\u00e7\u00e3o do lucro l\u00edquido (parcela linear) para 2%<\/span><\/p>\n<p style=\"text-align: justify;\"><span style=\"font-family: arial, helvetica, sans-serif;\">Ap\u00f3s negocia\u00e7\u00e3o: Mantida PLR como est\u00e1 no acordo atual (4% lucro l\u00edquido mais 45% sal\u00e1rio, mais m\u00f3dulo vari\u00e1vel determinado pelo Banco do Brasil por semestre)<\/span><\/p>\n<p style=\"text-align: justify;\"><span style=\"font-family: arial, helvetica, sans-serif;\">&#x1f539; GDP<\/span><\/p>\n<p style=\"text-align: justify;\"><span style=\"font-family: arial, helvetica, sans-serif;\">Proposta inicial: 1 ciclo avaliat\u00f3rio para descomissionamento.<\/span><\/p>\n<p style=\"text-align: justify;\"><span style=\"font-family: arial, helvetica, sans-serif;\">Ap\u00f3s negocia\u00e7\u00e3o: Mantidas as tr\u00eas avalia\u00e7\u00f5es negativas para descomissionamento por desempenho (3 GDPs).<\/span><\/p>\n<p style=\"text-align: justify;\"><span style=\"font-family: arial, helvetica, sans-serif;\">&#x1f539; Intervalo intrajornada<\/span><\/p>\n<p style=\"text-align: justify;\"><span style=\"font-family: arial, helvetica, sans-serif;\">Proposta inicial: 15 a 30 minutos com registro para todos os funcion\u00e1rios de seis horas.<\/span><\/p>\n<p style=\"text-align: justify;\"><span style=\"font-family: arial, helvetica, sans-serif;\">Ap\u00f3s negocia\u00e7\u00e3o: At\u00e9 uma hora com registro apenas para quem fizer op\u00e7\u00e3o.<\/span><\/p>\n<p style=\"text-align: justify;\"><span style=\"font-family: arial, helvetica, sans-serif;\">&#x1f539; Faltas abonadas<\/span><\/p>\n<p style=\"text-align: justify;\"><span style=\"font-family: arial, helvetica, sans-serif;\">Proposta inicial: 2020 e 2021 &#8211; cinco faltas n\u00e3o convers\u00edveis e n\u00e3o acumul\u00e1veis<\/span><\/p>\n<p style=\"text-align: justify;\"><span style=\"font-family: arial, helvetica, sans-serif;\">Ap\u00f3s negocia\u00e7\u00e3o: Regra de transi\u00e7\u00e3o, com convers\u00e3o em pec\u00fania do saldo de abonos adquiridos at\u00e9 primeiro de setembro de 2020. Os adquiridos a partir de primeiro de setembro de 2021 ter\u00e3o que ser usufru\u00eddos at\u00e9 agosto de 2022, inclusive nas f\u00e9rias, mas sem convers\u00e3o em pec\u00fania ou acumula\u00e7\u00e3o. Os abonos j\u00e1 adquiridos e acumulados permanecem com as regras anteriores.<\/span><\/p>\n<p style=\"text-align: justify;\"><span style=\"font-family: arial, helvetica, sans-serif;\">&#x1f539; Folga Justi\u00e7a Eleitoral<\/span><\/p>\n<p style=\"text-align: justify;\"><span style=\"font-family: arial, helvetica, sans-serif;\">Proposta inicial: 60 dias para gozar a folga<\/span><\/p>\n<p style=\"text-align: justify;\"><span style=\"font-family: arial, helvetica, sans-serif;\">Ap\u00f3s negocia\u00e7\u00e3o: 180 dias para gozar a folga<\/span><\/p>\n<p style=\"text-align: justify;\"><span style=\"font-family: arial, helvetica, sans-serif;\">&#x1f539; Prazo para realiza\u00e7\u00e3o de per\u00edcia psicol\u00f3gica<\/span><\/p>\n<p style=\"text-align: justify;\"><span style=\"font-family: arial, helvetica, sans-serif;\">Proposta inicial: 12 meses<\/span><\/p>\n<p style=\"text-align: justify;\"><span style=\"font-family: arial, helvetica, sans-serif;\">Ap\u00f3s negocia\u00e7\u00e3o: Manuten\u00e7\u00e3o de 18 meses<\/span><\/p>\n<p style=\"text-align: justify;\"><span style=\"font-family: arial, helvetica, sans-serif;\">&#x1f539; Hor\u00e1rio de repouso<\/span><\/p>\n<p style=\"text-align: justify;\"><span style=\"font-family: arial, helvetica, sans-serif;\">Proposta inicial: Apenas para atividades repetitivas<\/span><\/p>\n<p style=\"text-align: justify;\"><span style=\"font-family: arial, helvetica, sans-serif;\">Ap\u00f3s negocia\u00e7\u00e3o: Manuten\u00e7\u00e3o de atendentes de Sala de Auto Atendimento<\/span><\/p>\n<p style=\"text-align: justify;\"><span style=\"font-family: arial, helvetica, sans-serif;\">&#x1f7e1; Outros pontos negociados<\/span><\/p>\n<p style=\"text-align: justify;\"><span style=\"font-family: arial, helvetica, sans-serif;\">&#x2611;&#xfe0f; Mesa sobre bancos incorporados a ser conduzida a iniciada a partir de outubro, com apresenta\u00e7\u00e3o de pautas em setembro\/2020<\/span><\/p>\n<p style=\"text-align: justify;\"><span style=\"font-family: arial, helvetica, sans-serif;\">&#x2611;&#xfe0f; Mesa permanente sobre Teletrabalho e Escrit\u00f3rios Digitais<\/span><\/p>\n<p style=\"text-align: justify;\"><span style=\"font-family: arial, helvetica, sans-serif;\">&#x2611;&#xfe0f; Mesa permanente sobre Sa\u00fade e Seguran\u00e7a<\/span><\/p>\n<p style=\"text-align: justify;\">\u00a0<\/p>\n","protected":false},"excerpt":{"rendered":"<p class=\"excerpt\">As negocia\u00e7\u00f5es entre a Comiss\u00e3o de Negocia\u00e7\u00e3o Contec \u00a0e o Banco do Brasil, ocorrida ontem sexta-feira (28), conseguiu reverter as tentativas do Banco do Brasil de cortar pela metade a Participa\u00e7\u00e3o nos Lucros e\/ou Resultados (PLR) e reduzir o ciclo avaliat\u00f3rio da Gest\u00e3o de Desempenho Profissional (GDP). As novas propostas ser\u00e3o votadas em assembleias realizadas [&hellip;]<\/p>\n","protected":false},"author":2,"featured_media":12749,"comment_status":"closed","ping_status":"closed","sticky":false,"template":"","format":"standard","meta":{"_et_pb_use_builder":"","_et_pb_old_content":"","_et_gb_content_width":"","footnotes":""},"categories":[155],"tags":[],"class_list":["post-13045","post","type-post","status-publish","format-standard","has-post-thumbnail","hentry","category-noticias-em-destaque"],"_links":{"self":[{"href":"https:\/\/sjcbancarios.com.br\/site\/wp-json\/wp\/v2\/posts\/13045","targetHints":{"allow":["GET"]}}],"collection":[{"href":"https:\/\/sjcbancarios.com.br\/site\/wp-json\/wp\/v2\/posts"}],"about":[{"href":"https:\/\/sjcbancarios.com.br\/site\/wp-json\/wp\/v2\/types\/post"}],"author":[{"embeddable":true,"href":"https:\/\/sjcbancarios.com.br\/site\/wp-json\/wp\/v2\/users\/2"}],"replies":[{"embeddable":true,"href":"https:\/\/sjcbancarios.com.br\/site\/wp-json\/wp\/v2\/comments?post=13045"}],"version-history":[{"count":0,"href":"https:\/\/sjcbancarios.com.br\/site\/wp-json\/wp\/v2\/posts\/13045\/revisions"}],"wp:featuredmedia":[{"embeddable":true,"href":"https:\/\/sjcbancarios.com.br\/site\/wp-json\/wp\/v2\/media\/12749"}],"wp:attachment":[{"href":"https:\/\/sjcbancarios.com.br\/site\/wp-json\/wp\/v2\/media?parent=13045"}],"wp:term":[{"taxonomy":"category","embeddable":true,"href":"https:\/\/sjcbancarios.com.br\/site\/wp-json\/wp\/v2\/categories?post=13045"},{"taxonomy":"post_tag","embeddable":true,"href":"https:\/\/sjcbancarios.com.br\/site\/wp-json\/wp\/v2\/tags?post=13045"}],"curies":[{"name":"wp","href":"https:\/\/api.w.org\/{rel}","templated":true}]}}