{"id":13038,"date":"2020-08-29T13:09:30","date_gmt":"2020-08-29T16:09:30","guid":{"rendered":"https:\/\/sjcbancarios.com.br\/site\/?p=13038"},"modified":"2020-08-29T21:06:03","modified_gmt":"2020-08-30T00:06:03","slug":"banco-do-brasil-edital-de-convocacao-de-consulta-assemblear","status":"publish","type":"post","link":"https:\/\/sjcbancarios.com.br\/site\/noticias\/banco-do-brasil-edital-de-convocacao-de-consulta-assemblear\/","title":{"rendered":"Banco do Brasil &#8211; EDITAL DE CONVOCA\u00c7\u00c3O DE CONSULTA ASSEMBLEAR"},"content":{"rendered":"<p style=\"text-align: justify;\">O Sindicato dos Empregados em Estabelecimentos Banc\u00e1rios de S\u00e3o Jos\u00e9 dos Campos e Regi\u00e3o, inscrito no CNPJ\/MF sob o n\u00ba 51.618.023\/0001-03, Registro sindical n\u00ba 199507\/1963 por seu presidente abaixo assinado, considerando o estado de Assembleia Geral Extraordin\u00e1ria Permanente aprovado na reuni\u00e3o assemblear de instala\u00e7\u00e3o realizada no dia 27\/08\/2020, por solicita\u00e7\u00e3o do Comando Nacional dos Banc\u00e1rios por meio de sua coordena\u00e7\u00e3o, CONVOCA todos os trabalhadores banc\u00e1rios do BANCO DO BRASIL, s\u00f3cios e n\u00e3o s\u00f3cios, da sua base territorial de representa\u00e7\u00e3o a participarem da CONSULTA ASSEMBLEAR REMOTA\/VIRTUAL a ser realizada no per\u00edodo das 20 horas do dia 30\/08\/2020 (domingo) at\u00e9 \u00e0s 24 horas do dia 31\/08\/2020 (segunda-feira) na forma disposta no site (www.sjcbancarios.com.br) onde estar\u00e3o dispon\u00edveis todas as informa\u00e7\u00f5es necess\u00e1rias para a delibera\u00e7\u00e3o sobre a proposta apresentada pelo Banco do Brasil para renova\u00e7\u00e3o dos seus Acordos Coletivos de Trabalho Aditivos.<\/p>\n<p style=\"text-align: justify;\">S\u00e3o Jos\u00e9 dos Campos, 29 de agosto de 2020.<\/p>\n<p style=\"text-align: justify;\">Ant\u00f4nio Marcos de Barros<br \/>\nPresidente<\/p>\n","protected":false},"excerpt":{"rendered":"<p class=\"excerpt\">O Sindicato dos Empregados em Estabelecimentos Banc\u00e1rios de S\u00e3o Jos\u00e9 dos Campos e Regi\u00e3o, inscrito no CNPJ\/MF sob o n\u00ba 51.618.023\/0001-03, Registro sindical n\u00ba 199507\/1963 por seu presidente abaixo assinado, considerando o estado de Assembleia Geral Extraordin\u00e1ria Permanente aprovado na reuni\u00e3o assemblear de instala\u00e7\u00e3o realizada no dia 27\/08\/2020, por solicita\u00e7\u00e3o do Comando Nacional dos Banc\u00e1rios [&hellip;]<\/p>\n","protected":false},"author":2,"featured_media":12935,"comment_status":"closed","ping_status":"closed","sticky":false,"template":"","format":"standard","meta":{"_et_pb_use_builder":"","_et_pb_old_content":"","_et_gb_content_width":"","footnotes":""},"categories":[13],"tags":[],"class_list":["post-13038","post","type-post","status-publish","format-standard","has-post-thumbnail","hentry","category-noticias"],"_links":{"self":[{"href":"https:\/\/sjcbancarios.com.br\/site\/wp-json\/wp\/v2\/posts\/13038","targetHints":{"allow":["GET"]}}],"collection":[{"href":"https:\/\/sjcbancarios.com.br\/site\/wp-json\/wp\/v2\/posts"}],"about":[{"href":"https:\/\/sjcbancarios.com.br\/site\/wp-json\/wp\/v2\/types\/post"}],"author":[{"embeddable":true,"href":"https:\/\/sjcbancarios.com.br\/site\/wp-json\/wp\/v2\/users\/2"}],"replies":[{"embeddable":true,"href":"https:\/\/sjcbancarios.com.br\/site\/wp-json\/wp\/v2\/comments?post=13038"}],"version-history":[{"count":0,"href":"https:\/\/sjcbancarios.com.br\/site\/wp-json\/wp\/v2\/posts\/13038\/revisions"}],"wp:featuredmedia":[{"embeddable":true,"href":"https:\/\/sjcbancarios.com.br\/site\/wp-json\/wp\/v2\/media\/12935"}],"wp:attachment":[{"href":"https:\/\/sjcbancarios.com.br\/site\/wp-json\/wp\/v2\/media?parent=13038"}],"wp:term":[{"taxonomy":"category","embeddable":true,"href":"https:\/\/sjcbancarios.com.br\/site\/wp-json\/wp\/v2\/categories?post=13038"},{"taxonomy":"post_tag","embeddable":true,"href":"https:\/\/sjcbancarios.com.br\/site\/wp-json\/wp\/v2\/tags?post=13038"}],"curies":[{"name":"wp","href":"https:\/\/api.w.org\/{rel}","templated":true}]}}