{"id":13021,"date":"2020-08-28T18:19:55","date_gmt":"2020-08-28T21:19:55","guid":{"rendered":"https:\/\/sjcbancarios.com.br\/site\/?p=13021"},"modified":"2020-08-28T18:30:10","modified_gmt":"2020-08-28T21:30:10","slug":"bancos-propoem-reajuste-salarial-de-15-mais-abono-de-r-2-mil","status":"publish","type":"post","link":"https:\/\/sjcbancarios.com.br\/site\/noticias-em-destaque\/bancos-propoem-reajuste-salarial-de-15-mais-abono-de-r-2-mil\/","title":{"rendered":"Bancos prop\u00f5em reajuste salarial de 1,5%, mais abono de R$ 2 mil"},"content":{"rendered":"<p style=\"text-align: justify;\"><span style=\"font-family: arial, helvetica, sans-serif;\">Os Bancos apresentaram nova contraproposta de reajuste salarial, durante a 12\u00ba rodada de negocia\u00e7\u00e3o com o Comando Nacional dos Banc\u00e1rios, iniciada nesta quinta-feira (27 de agosto) e se estendeu at\u00e9 a manh\u00e3 de hoje (28 de agosto). A Federa\u00e7\u00e3o Nacional dos Bancos (Fenaban) prop\u00f4s reajuste salarial de 1,5%, mais abono de R$ 2 mil. E mais: reposi\u00e7\u00e3o da infla\u00e7\u00e3o dos \u00faltimos 12 meses (setembro de 2019 a agosto 2020, estimada em 2,74%) para as demais verbas, como vales alimenta\u00e7\u00e3o, refei\u00e7\u00e3o e aux\u00edlio creche\/bab\u00e1.<\/span><br \/>\n<span style=\"font-family: arial, helvetica, sans-serif;\">De acordo com o Comando, o reajuste de 1,5%, mais abono de R$ 2 mil neste ano garante, no per\u00edodo de 12 meses, valores acima do que seria obtido apenas com a aplica\u00e7\u00e3o do INPC (\u00cdndice Nacional de Pre\u00e7os ao Consumidor) para sal\u00e1rios at\u00e9 R$ 11.202,80. O que representa 79,1% do total de banc\u00e1rios. Inclusive considerando o pagamento de 13\u00ba sal\u00e1rio, f\u00e9rias e FGTS.<\/span><\/p>\n<p><strong>Veja como ficam sal\u00e1rios com 1,5% de reajuste + abono de R$ 2 mil:<\/strong><\/p>\n<p><img loading=\"lazy\" decoding=\"async\" class=\"alignnone size-medium wp-image-13022\" src=\"https:\/\/sjcbancarios.com.br\/site\/wp-content\/uploads\/2020\/08\/tabela-de-salarios-439x300.jpeg\" alt=\"\" width=\"439\" height=\"300\" srcset=\"https:\/\/sjcbancarios.com.br\/site\/wp-content\/uploads\/2020\/08\/tabela-de-salarios-439x300.jpeg 439w, https:\/\/sjcbancarios.com.br\/site\/wp-content\/uploads\/2020\/08\/tabela-de-salarios-24x16.jpeg 24w, https:\/\/sjcbancarios.com.br\/site\/wp-content\/uploads\/2020\/08\/tabela-de-salarios-36x25.jpeg 36w, https:\/\/sjcbancarios.com.br\/site\/wp-content\/uploads\/2020\/08\/tabela-de-salarios-48x33.jpeg 48w, https:\/\/sjcbancarios.com.br\/site\/wp-content\/uploads\/2020\/08\/tabela-de-salarios.jpeg 750w\" sizes=\"(max-width: 439px) 100vw, 439px\" \/><\/p>\n<p><strong>Aumento real em 2021<\/strong><\/p>\n<p><span style=\"font-family: arial, helvetica, sans-serif;\">Para 2021, a nova contraproposta da Fenaban prev\u00ea reposi\u00e7\u00e3o do INPC acumulado no per\u00edodo setembro de 2020 a agosto de 2021, mais aumento real de 0,5% para sal\u00e1rios e demais verbas como VA e VR, assim como para os valores fixos e tetos da PLR (Participa\u00e7\u00e3o nos Lucros e Resultados). A contraproposta prev\u00ea ainda a manuten\u00e7\u00e3o de todas as cl\u00e1usulas da CCT por dois anos.<\/span><\/p>\n<p><strong>Veja como ficam VA, VR e demais verbas com a reposi\u00e7\u00e3o da infla\u00e7\u00e3o (estimada em 2,74%):<\/strong><\/p>\n<p><img loading=\"lazy\" decoding=\"async\" class=\"alignnone size-medium wp-image-13023\" src=\"https:\/\/sjcbancarios.com.br\/site\/wp-content\/uploads\/2020\/08\/tabela-VA-VR-450x139.jpeg\" alt=\"\" width=\"450\" height=\"139\" srcset=\"https:\/\/sjcbancarios.com.br\/site\/wp-content\/uploads\/2020\/08\/tabela-VA-VR-450x139.jpeg 450w, https:\/\/sjcbancarios.com.br\/site\/wp-content\/uploads\/2020\/08\/tabela-VA-VR-24x7.jpeg 24w, https:\/\/sjcbancarios.com.br\/site\/wp-content\/uploads\/2020\/08\/tabela-VA-VR-36x11.jpeg 36w, https:\/\/sjcbancarios.com.br\/site\/wp-content\/uploads\/2020\/08\/tabela-VA-VR-48x15.jpeg 48w, https:\/\/sjcbancarios.com.br\/site\/wp-content\/uploads\/2020\/08\/tabela-VA-VR.jpeg 750w\" sizes=\"(max-width: 450px) 100vw, 450px\" \/><\/p>\n<p style=\"text-align: justify;\"><span style=\"font-family: arial, helvetica, sans-serif;\"><strong>PLR<\/strong><\/span><\/p>\n<p style=\"text-align: justify;\"><span style=\"font-family: arial, helvetica, sans-serif;\">A Fenaban reafirmou que a PLR ser\u00e1 calculada com base na regra atual, contraproposta apresentada na 11\u00aa rodada (26 de agosto); na sexta rodada (18 de agosto), a Fenaban havia proposto PLR reduzida. Os valores fixos e tetos da PLR ser\u00e3o reajustados com base no INPC acumulado nos \u00faltimos doze meses, estimado em 2,74%.<\/span><\/p>\n<p style=\"text-align: justify;\"><span style=\"font-family: arial, helvetica, sans-serif;\">&#8220;A mobiliza\u00e7\u00e3o da categoria nas redes sociais e o empenho do Comando dos banc\u00e1rios em pressionar nas negocia\u00e7\u00f5es deu resultado e conseguimos avan\u00e7ar. Por\u00e9m nada est\u00e1 definido e aguardamos orienta\u00e7\u00f5es do Comando Nacional dos Banc\u00e1rios para convocar a categoria para avaliar e decidir os rumos da campanha&#8221;, avalia Ant\u00f4nio Marcos de Barros, presidente do sindicato.<\/span><\/p>\n<p style=\"text-align: justify;\">\u00a0<\/p>\n","protected":false},"excerpt":{"rendered":"<p class=\"excerpt\">Os Bancos apresentaram nova contraproposta de reajuste salarial, durante a 12\u00ba rodada de negocia\u00e7\u00e3o com o Comando Nacional dos Banc\u00e1rios, iniciada nesta quinta-feira (27 de agosto) e se estendeu at\u00e9 a manh\u00e3 de hoje (28 de agosto). A Federa\u00e7\u00e3o Nacional dos Bancos (Fenaban) prop\u00f4s reajuste salarial de 1,5%, mais abono de R$ 2 mil. E [&hellip;]<\/p>\n","protected":false},"author":2,"featured_media":13028,"comment_status":"closed","ping_status":"closed","sticky":false,"template":"","format":"standard","meta":{"_et_pb_use_builder":"","_et_pb_old_content":"","_et_gb_content_width":"","footnotes":""},"categories":[155],"tags":[],"class_list":["post-13021","post","type-post","status-publish","format-standard","has-post-thumbnail","hentry","category-noticias-em-destaque"],"_links":{"self":[{"href":"https:\/\/sjcbancarios.com.br\/site\/wp-json\/wp\/v2\/posts\/13021","targetHints":{"allow":["GET"]}}],"collection":[{"href":"https:\/\/sjcbancarios.com.br\/site\/wp-json\/wp\/v2\/posts"}],"about":[{"href":"https:\/\/sjcbancarios.com.br\/site\/wp-json\/wp\/v2\/types\/post"}],"author":[{"embeddable":true,"href":"https:\/\/sjcbancarios.com.br\/site\/wp-json\/wp\/v2\/users\/2"}],"replies":[{"embeddable":true,"href":"https:\/\/sjcbancarios.com.br\/site\/wp-json\/wp\/v2\/comments?post=13021"}],"version-history":[{"count":0,"href":"https:\/\/sjcbancarios.com.br\/site\/wp-json\/wp\/v2\/posts\/13021\/revisions"}],"wp:featuredmedia":[{"embeddable":true,"href":"https:\/\/sjcbancarios.com.br\/site\/wp-json\/wp\/v2\/media\/13028"}],"wp:attachment":[{"href":"https:\/\/sjcbancarios.com.br\/site\/wp-json\/wp\/v2\/media?parent=13021"}],"wp:term":[{"taxonomy":"category","embeddable":true,"href":"https:\/\/sjcbancarios.com.br\/site\/wp-json\/wp\/v2\/categories?post=13021"},{"taxonomy":"post_tag","embeddable":true,"href":"https:\/\/sjcbancarios.com.br\/site\/wp-json\/wp\/v2\/tags?post=13021"}],"curies":[{"name":"wp","href":"https:\/\/api.w.org\/{rel}","templated":true}]}}