{"id":13018,"date":"2020-08-28T08:02:29","date_gmt":"2020-08-28T11:02:29","guid":{"rendered":"https:\/\/sjcbancarios.com.br\/site\/?p=13018"},"modified":"2020-08-28T14:44:15","modified_gmt":"2020-08-28T17:44:15","slug":"banco-do-brasil-insiste-em-cortes-de-direitos","status":"publish","type":"post","link":"https:\/\/sjcbancarios.com.br\/site\/noticias-em-destaque\/banco-do-brasil-insiste-em-cortes-de-direitos\/","title":{"rendered":"Banco do Brasil insiste em cortes de direitos"},"content":{"rendered":"<p style=\"text-align: justify;\">Em reuni\u00e3o de negocia\u00e7\u00f5es com a representa\u00e7\u00e3o dos funcion\u00e1rios do Banco do Brasil, ontem \u00a0quinta-feira dia 27, o Banco do Brasil manteve a proposta de corte de direitos dos funcion\u00e1rios previstos no Acordo Coletivo de Trabalho (ACT) em vig\u00eancia at\u00e9 31 de agosto.<\/p>\n<p style=\"text-align: justify;\">O BB quer cortar 50% no programa pr\u00f3prio da Participa\u00e7\u00e3o nos Lucros e\/ou Resultados (PLR); reduzir de tr\u00eas para apenas um ciclo avaliat\u00f3rio do programa de Gest\u00e3o de Desempenho Profissional (GDP); e proibir a acumula\u00e7\u00e3o e venda dos cinco dias de folga a que os funcion\u00e1rios t\u00eam direito a cada ano.<\/p>\n<p style=\"text-align: justify;\"><strong>Altera\u00e7\u00e3o na GDP<\/strong><\/p>\n<p style=\"text-align: justify;\">Na avalia\u00e7\u00e3o do Sindicato a proposta do BB \u00e9 promover uma altera\u00e7\u00e3o na cl\u00e1usula 49 do nosso acordo coletivo, com o objetivo de facilitar o decomissionamento. A mesa n\u00e3o aceita tal mudan\u00e7a pois na avalia\u00e7\u00e3o da representa\u00e7\u00e3o dos funcion\u00e1rios, essa altera\u00e7\u00e3o permitir\u00e1 mais press\u00e3o no cumprimento de metas.<\/p>\n<p style=\"text-align: justify;\"><strong>Abonos <\/strong><\/p>\n<p style=\"text-align: justify;\">Al\u00e9m do corte na PLR e da facilita\u00e7\u00e3o para os descomissionamentos, o Banco do Brasil tamb\u00e9m quer impedir que os funcion\u00e1rios convertam os dias de folga n\u00e3o utilizados em pec\u00fania, ou seja, impedir o recebimento destes dias em dinheiro. Os funcion\u00e1rios tamb\u00e9m n\u00e3o poder\u00e3o acumular essas folgas, ter\u00e3o que utiliz\u00e1-las durante o ano.<\/p>\n<p style=\"text-align: justify;\"><strong>Intervalo na jornada<\/strong><\/p>\n<p style=\"text-align: justify;\">Tamb\u00e9m n\u00e3o houve avan\u00e7o sobre o registro no sistema do intervalo de 15 ou 30 minutos para quem cumpre jornada de seis horas. No BB, o banc\u00e1rio com jornada de seis horas cumpre, na verdade, seis horas e 15 minutos, ou seis horas e 30 minutos. A reivindica\u00e7\u00e3o \u00e9 que os 15 minutos ou dos 30 minutos de intervalo sejam considerados como parte da jornada de seis horas, como ocorre atualmente na Caixa.<\/p>\n<p style=\"text-align: justify;\">Fonte: Federa\u00e7\u00e3o dos Banc\u00e1rios de SPMS<\/p>\n","protected":false},"excerpt":{"rendered":"<p class=\"excerpt\">Em reuni\u00e3o de negocia\u00e7\u00f5es com a representa\u00e7\u00e3o dos funcion\u00e1rios do Banco do Brasil, ontem \u00a0quinta-feira dia 27, o Banco do Brasil manteve a proposta de corte de direitos dos funcion\u00e1rios previstos no Acordo Coletivo de Trabalho (ACT) em vig\u00eancia at\u00e9 31 de agosto. O BB quer cortar 50% no programa pr\u00f3prio da Participa\u00e7\u00e3o nos Lucros [&hellip;]<\/p>\n","protected":false},"author":2,"featured_media":13019,"comment_status":"closed","ping_status":"closed","sticky":false,"template":"","format":"standard","meta":{"_et_pb_use_builder":"","_et_pb_old_content":"","_et_gb_content_width":"","footnotes":""},"categories":[155],"tags":[],"class_list":["post-13018","post","type-post","status-publish","format-standard","has-post-thumbnail","hentry","category-noticias-em-destaque"],"_links":{"self":[{"href":"https:\/\/sjcbancarios.com.br\/site\/wp-json\/wp\/v2\/posts\/13018","targetHints":{"allow":["GET"]}}],"collection":[{"href":"https:\/\/sjcbancarios.com.br\/site\/wp-json\/wp\/v2\/posts"}],"about":[{"href":"https:\/\/sjcbancarios.com.br\/site\/wp-json\/wp\/v2\/types\/post"}],"author":[{"embeddable":true,"href":"https:\/\/sjcbancarios.com.br\/site\/wp-json\/wp\/v2\/users\/2"}],"replies":[{"embeddable":true,"href":"https:\/\/sjcbancarios.com.br\/site\/wp-json\/wp\/v2\/comments?post=13018"}],"version-history":[{"count":0,"href":"https:\/\/sjcbancarios.com.br\/site\/wp-json\/wp\/v2\/posts\/13018\/revisions"}],"wp:featuredmedia":[{"embeddable":true,"href":"https:\/\/sjcbancarios.com.br\/site\/wp-json\/wp\/v2\/media\/13019"}],"wp:attachment":[{"href":"https:\/\/sjcbancarios.com.br\/site\/wp-json\/wp\/v2\/media?parent=13018"}],"wp:term":[{"taxonomy":"category","embeddable":true,"href":"https:\/\/sjcbancarios.com.br\/site\/wp-json\/wp\/v2\/categories?post=13018"},{"taxonomy":"post_tag","embeddable":true,"href":"https:\/\/sjcbancarios.com.br\/site\/wp-json\/wp\/v2\/tags?post=13018"}],"curies":[{"name":"wp","href":"https:\/\/api.w.org\/{rel}","templated":true}]}}