{"id":13001,"date":"2020-08-28T08:33:13","date_gmt":"2020-08-28T11:33:13","guid":{"rendered":"https:\/\/sjcbancarios.com.br\/site\/?p=13001"},"modified":"2020-08-28T08:33:13","modified_gmt":"2020-08-28T11:33:13","slug":"parabens-bancario","status":"publish","type":"post","link":"https:\/\/sjcbancarios.com.br\/site\/noticias-em-destaque\/parabens-bancario\/","title":{"rendered":"PARAB\u00c9NS BANC\u00c1RIO!!!!"},"content":{"rendered":"<p style=\"text-align: justify;\"><span style=\"font-family: arial, helvetica, sans-serif;\">Neste dia especial nos dirigimos \u00e0 voc\u00ea, colega banc\u00e1rio, lembrando a import\u00e2ncia da nossa escolha profissional e o papel relevante que desempenhamos na sociedade.<\/span><\/p>\n<p style=\"text-align: justify;\"><span style=\"font-family: arial, helvetica, sans-serif;\">A data foi institu\u00edda na d\u00e9cada de 50, ap\u00f3s uma das primeiras greves da categoria, iniciada no dia 28 de agosto de 1951 por reajuste salarial, piso profissional e condi\u00e7\u00f5es de trabalho.<\/span><\/p>\n<p style=\"text-align: justify;\"><span style=\"font-family: arial, helvetica, sans-serif;\">\u00c9 dia de festa e luta. Comemoramos muitas vit\u00f3rias e conquistas e renovamos nosso esp\u00edrito de luta por dias melhores para nossa categoria. Parab\u00e9ns Banc\u00e1rios e Banc\u00e1rias!!\u00a0<\/span><\/p>\n","protected":false},"excerpt":{"rendered":"<p class=\"excerpt\">Neste dia especial nos dirigimos \u00e0 voc\u00ea, colega banc\u00e1rio, lembrando a import\u00e2ncia da nossa escolha profissional e o papel relevante que desempenhamos na sociedade. A data foi institu\u00edda na d\u00e9cada de 50, ap\u00f3s uma das primeiras greves da categoria, iniciada no dia 28 de agosto de 1951 por reajuste salarial, piso profissional e condi\u00e7\u00f5es de [&hellip;]<\/p>\n","protected":false},"author":2,"featured_media":13002,"comment_status":"closed","ping_status":"closed","sticky":false,"template":"","format":"standard","meta":{"_et_pb_use_builder":"","_et_pb_old_content":"","_et_gb_content_width":"","footnotes":""},"categories":[155],"tags":[],"class_list":["post-13001","post","type-post","status-publish","format-standard","has-post-thumbnail","hentry","category-noticias-em-destaque"],"_links":{"self":[{"href":"https:\/\/sjcbancarios.com.br\/site\/wp-json\/wp\/v2\/posts\/13001","targetHints":{"allow":["GET"]}}],"collection":[{"href":"https:\/\/sjcbancarios.com.br\/site\/wp-json\/wp\/v2\/posts"}],"about":[{"href":"https:\/\/sjcbancarios.com.br\/site\/wp-json\/wp\/v2\/types\/post"}],"author":[{"embeddable":true,"href":"https:\/\/sjcbancarios.com.br\/site\/wp-json\/wp\/v2\/users\/2"}],"replies":[{"embeddable":true,"href":"https:\/\/sjcbancarios.com.br\/site\/wp-json\/wp\/v2\/comments?post=13001"}],"version-history":[{"count":0,"href":"https:\/\/sjcbancarios.com.br\/site\/wp-json\/wp\/v2\/posts\/13001\/revisions"}],"wp:featuredmedia":[{"embeddable":true,"href":"https:\/\/sjcbancarios.com.br\/site\/wp-json\/wp\/v2\/media\/13002"}],"wp:attachment":[{"href":"https:\/\/sjcbancarios.com.br\/site\/wp-json\/wp\/v2\/media?parent=13001"}],"wp:term":[{"taxonomy":"category","embeddable":true,"href":"https:\/\/sjcbancarios.com.br\/site\/wp-json\/wp\/v2\/categories?post=13001"},{"taxonomy":"post_tag","embeddable":true,"href":"https:\/\/sjcbancarios.com.br\/site\/wp-json\/wp\/v2\/tags?post=13001"}],"curies":[{"name":"wp","href":"https:\/\/api.w.org\/{rel}","templated":true}]}}