{"id":12996,"date":"2020-08-28T08:19:01","date_gmt":"2020-08-28T11:19:01","guid":{"rendered":"https:\/\/sjcbancarios.com.br\/site\/?p=12996"},"modified":"2020-08-29T21:12:55","modified_gmt":"2020-08-30T00:12:55","slug":"bancos-privados-bancarios-aprovam-assembleia-permanente","status":"publish","type":"post","link":"https:\/\/sjcbancarios.com.br\/site\/noticias-em-destaque\/bancos-privados-bancarios-aprovam-assembleia-permanente\/","title":{"rendered":"Banc\u00e1rios aprovam assembleia permanente"},"content":{"rendered":"<p style=\"text-align: justify;\"><span style=\"font-family: arial, helvetica, sans-serif;\">Na negocia\u00e7\u00e3o desta quinta-feira 27, os Bancos apresentaram proposta sem a reposi\u00e7\u00e3o de infla\u00e7\u00e3o. O Comando Nacional dos Banc\u00e1rios, que representa a categoria nas negocia\u00e7\u00f5es com a Fenaban (Federa\u00e7\u00e3o dos Bancos), espera que os banqueiros apresentem uma proposta at\u00e9 o final do dia de hoje, com reposi\u00e7\u00e3o da infla\u00e7\u00e3o.<\/span><\/p>\n<p style=\"text-align: justify;\"><span style=\"font-family: arial, helvetica, sans-serif;\">Na assembleia, realizada ontem,\u00a0 27 de agosto, 95,8% dos banc\u00e1rios que votaram deliberaram pela implanta\u00e7\u00e3o de uma assembleia permanente at\u00e9 que a Fenaban apresente uma proposta final. A negocia\u00e7\u00e3o ser\u00e1 retomada hoje \u00e0s 9h00. Se houver proposta, o Sindicato avisar\u00e1 antecipadamente sobre o hor\u00e1rio da vota\u00e7\u00e3o.<\/span><\/p>\n<p style=\"text-align: justify;\"><span style=\"font-family: arial, helvetica, sans-serif;\">\u201c\u00c9 importante que os trabalhadores continuem pressionando os bancos nas redes sociais, postando as hashtags #bancosexploram e #queropropostadecente; que se mantenham informados nos canais do Sindicato.<\/span><\/p>\n<p>&nbsp;<\/p>\n<p>Fonte: Federa\u00e7\u00e3o dos banc\u00e1rios de SPMS<\/p>\n","protected":false},"excerpt":{"rendered":"<p class=\"excerpt\">Na negocia\u00e7\u00e3o desta quinta-feira 27, os Bancos apresentaram proposta sem a reposi\u00e7\u00e3o de infla\u00e7\u00e3o. O Comando Nacional dos Banc\u00e1rios, que representa a categoria nas negocia\u00e7\u00f5es com a Fenaban (Federa\u00e7\u00e3o dos Bancos), espera que os banqueiros apresentem uma proposta at\u00e9 o final do dia de hoje, com reposi\u00e7\u00e3o da infla\u00e7\u00e3o. Na assembleia, realizada ontem,\u00a0 27 de [&hellip;]<\/p>\n","protected":false},"author":2,"featured_media":12997,"comment_status":"closed","ping_status":"closed","sticky":false,"template":"","format":"standard","meta":{"_et_pb_use_builder":"","_et_pb_old_content":"","_et_gb_content_width":"","footnotes":""},"categories":[155],"tags":[],"class_list":["post-12996","post","type-post","status-publish","format-standard","has-post-thumbnail","hentry","category-noticias-em-destaque"],"_links":{"self":[{"href":"https:\/\/sjcbancarios.com.br\/site\/wp-json\/wp\/v2\/posts\/12996","targetHints":{"allow":["GET"]}}],"collection":[{"href":"https:\/\/sjcbancarios.com.br\/site\/wp-json\/wp\/v2\/posts"}],"about":[{"href":"https:\/\/sjcbancarios.com.br\/site\/wp-json\/wp\/v2\/types\/post"}],"author":[{"embeddable":true,"href":"https:\/\/sjcbancarios.com.br\/site\/wp-json\/wp\/v2\/users\/2"}],"replies":[{"embeddable":true,"href":"https:\/\/sjcbancarios.com.br\/site\/wp-json\/wp\/v2\/comments?post=12996"}],"version-history":[{"count":0,"href":"https:\/\/sjcbancarios.com.br\/site\/wp-json\/wp\/v2\/posts\/12996\/revisions"}],"wp:featuredmedia":[{"embeddable":true,"href":"https:\/\/sjcbancarios.com.br\/site\/wp-json\/wp\/v2\/media\/12997"}],"wp:attachment":[{"href":"https:\/\/sjcbancarios.com.br\/site\/wp-json\/wp\/v2\/media?parent=12996"}],"wp:term":[{"taxonomy":"category","embeddable":true,"href":"https:\/\/sjcbancarios.com.br\/site\/wp-json\/wp\/v2\/categories?post=12996"},{"taxonomy":"post_tag","embeddable":true,"href":"https:\/\/sjcbancarios.com.br\/site\/wp-json\/wp\/v2\/tags?post=12996"}],"curies":[{"name":"wp","href":"https:\/\/api.w.org\/{rel}","templated":true}]}}