{"id":12989,"date":"2020-08-27T18:37:52","date_gmt":"2020-08-27T21:37:52","guid":{"rendered":"https:\/\/sjcbancarios.com.br\/site\/?p=12989"},"modified":"2020-08-28T22:43:28","modified_gmt":"2020-08-29T01:43:28","slug":"hoje-das-19-as-22-horas-assembleia-geral-extraordinaria","status":"publish","type":"post","link":"https:\/\/sjcbancarios.com.br\/site\/noticias-em-destaque\/hoje-das-19-as-22-horas-assembleia-geral-extraordinaria\/","title":{"rendered":"Hoje das 19 \u00e0s 22 horas, Assembleia Geral Extraordin\u00e1ria!"},"content":{"rendered":"<p style=\"text-align: justify;\">O Sindicato realiza assembleia virtual nesta quinta-feira, 27 de agosto, das 19 \u00e0s 22 horas, para discutir e decidir com a categoria banc\u00e1ria os rumos da Campanha Nacional.<\/p>\n<p><a href=\"https:\/\/forms.gle\/66D76bXSwhErD1xv9\">VOTE AQUI<\/a><\/p>\n<p><a href=\"https:\/\/sjcbancarios.com.br\/site\/noticias-em-destaque\/edital-de-convocacao-de-assembleia-geral-extraordinaria\/\">Acesse o edital de convoca\u00e7\u00e3o<\/a><\/p>\n<p><strong>Pauta da Assembleia<\/strong><\/p>\n<p style=\"text-align: justify;\">1. Avalia\u00e7\u00e3o da proposta apresentada pela FENABAN e delibera\u00e7\u00f5es em caso de recusa da mesma;<\/p>\n<p style=\"text-align: justify;\">2. Delibera\u00e7\u00e3o sobre a transforma\u00e7\u00e3o desta Assembleia Geral Extraordin\u00e1ria em Assembleia Geral Extraordin\u00e1ria Permanente com consultas assembleias remotas\/virtuais em dias e hor\u00e1rios convocados pela Coordena\u00e7\u00e3o Nacional do Comando Nacional dos Banc\u00e1rios por meio dos canais de divulga\u00e7\u00e3o digitais oficiais do Sindicato, e da FEEB SP\/MS.<\/p>\n<p><strong>Negocia\u00e7\u00e3o:<\/strong><\/p>\n<p style=\"text-align: justify;\">Na rodada em andamento nesta quinta-feira,\u00a0 a Fenaban insiste em reajuste zero e abono em 2020 e reposi\u00e7\u00e3o da infla\u00e7\u00e3o em 2021. Comando diz que tem que ter reajuste esse ano tamb\u00e9m. E negocia\u00e7\u00e3o continua.<\/p>\n<p style=\"text-align: justify;\">Ontem, a negocia\u00e7\u00e3o avan\u00e7ou porque os Bancos recuaram em mexer na regra da Participa\u00e7\u00e3o nos Lucros e Resultados (PLR) e ficou mantida a parcela adicional que \u00e9 de 2,2% do lucro l\u00edquido sem alterar a regra. Por\u00e9m, insistiram no reajuste zero para 2020, s\u00f3 com abono. Propuseram um abono de R$ 1.656,22 para este ano. Para o ano que vem, a proposta apresentada foi de repor 70% da infla\u00e7\u00e3o pelo \u00edndice do INPC a partir de 1\u00ba de setembro e os outros 30% depois de seis meses.<\/p>\n<p style=\"text-align: justify;\">A CCT tem validade at\u00e9 o pr\u00f3ximo dia 31. A data-base da categoria \u00e9 1\u00ba de setembro.<\/p>\n<p><a href=\"https:\/\/forms.gle\/66D76bXSwhErD1xv9\">VOTE AQUI<\/a><\/p>\n","protected":false},"excerpt":{"rendered":"<p class=\"excerpt\">O Sindicato realiza assembleia virtual nesta quinta-feira, 27 de agosto, das 19 \u00e0s 22 horas, para discutir e decidir com a categoria banc\u00e1ria os rumos da Campanha Nacional. VOTE AQUI Acesse o edital de convoca\u00e7\u00e3o Pauta da Assembleia 1. Avalia\u00e7\u00e3o da proposta apresentada pela FENABAN e delibera\u00e7\u00f5es em caso de recusa da mesma; 2. Delibera\u00e7\u00e3o [&hellip;]<\/p>\n","protected":false},"author":2,"featured_media":12987,"comment_status":"closed","ping_status":"closed","sticky":false,"template":"","format":"standard","meta":{"_et_pb_use_builder":"","_et_pb_old_content":"","_et_gb_content_width":"","footnotes":""},"categories":[155],"tags":[],"class_list":["post-12989","post","type-post","status-publish","format-standard","has-post-thumbnail","hentry","category-noticias-em-destaque"],"_links":{"self":[{"href":"https:\/\/sjcbancarios.com.br\/site\/wp-json\/wp\/v2\/posts\/12989","targetHints":{"allow":["GET"]}}],"collection":[{"href":"https:\/\/sjcbancarios.com.br\/site\/wp-json\/wp\/v2\/posts"}],"about":[{"href":"https:\/\/sjcbancarios.com.br\/site\/wp-json\/wp\/v2\/types\/post"}],"author":[{"embeddable":true,"href":"https:\/\/sjcbancarios.com.br\/site\/wp-json\/wp\/v2\/users\/2"}],"replies":[{"embeddable":true,"href":"https:\/\/sjcbancarios.com.br\/site\/wp-json\/wp\/v2\/comments?post=12989"}],"version-history":[{"count":0,"href":"https:\/\/sjcbancarios.com.br\/site\/wp-json\/wp\/v2\/posts\/12989\/revisions"}],"wp:featuredmedia":[{"embeddable":true,"href":"https:\/\/sjcbancarios.com.br\/site\/wp-json\/wp\/v2\/media\/12987"}],"wp:attachment":[{"href":"https:\/\/sjcbancarios.com.br\/site\/wp-json\/wp\/v2\/media?parent=12989"}],"wp:term":[{"taxonomy":"category","embeddable":true,"href":"https:\/\/sjcbancarios.com.br\/site\/wp-json\/wp\/v2\/categories?post=12989"},{"taxonomy":"post_tag","embeddable":true,"href":"https:\/\/sjcbancarios.com.br\/site\/wp-json\/wp\/v2\/tags?post=12989"}],"curies":[{"name":"wp","href":"https:\/\/api.w.org\/{rel}","templated":true}]}}