{"id":12984,"date":"2020-08-27T10:13:34","date_gmt":"2020-08-27T13:13:34","guid":{"rendered":"https:\/\/sjcbancarios.com.br\/site\/?p=12984"},"modified":"2020-08-28T22:44:17","modified_gmt":"2020-08-29T01:44:17","slug":"hoje-tem-negociacao-e-assembleia","status":"publish","type":"post","link":"https:\/\/sjcbancarios.com.br\/site\/noticias-em-destaque\/hoje-tem-negociacao-e-assembleia\/","title":{"rendered":"Hoje tem negocia\u00e7\u00e3o e assembleia"},"content":{"rendered":"<ul>\n<li><span style=\"font-family: arial, helvetica, sans-serif;\">Tuita\u00e7o ser\u00e1 \u00e0s 13h;<\/span><\/li>\n<li><span style=\"font-family: arial, helvetica, sans-serif;\">Categoria n\u00e3o aceita o reajuste zero;<\/span><\/li>\n<li><span style=\"font-family: arial, helvetica, sans-serif;\">Assembleias de hoje \u00e0 noite v\u00e3o avaliar a campanha<\/span><\/li>\n<\/ul>\n<p style=\"text-align: justify;\"><span style=\"font-family: arial, helvetica, sans-serif;\">A luta n\u00e3o para! Logo mais \u00e0s 13h a categoria banc\u00e1ria faz mais uma press\u00e3o sobre a Federa\u00e7\u00e3o Nacional dos Bancos (Fenaban) com o tuita\u00e7o. Participe e venha tuitar a hashtag #BancosExploram. A press\u00e3o \u00e9 importante porque uma hora depois, \u00e0s 14h, come\u00e7a a 13\u00aa rodada de negocia\u00e7\u00f5es. O Comando Nacional d@s Banc\u00e1ri@s espera que os representantes dos Bancos apresentem uma proposta que n\u00e3o tenha o reajuste salarial zero.<\/span><\/p>\n<p style=\"text-align: justify;\"><span style=\"font-family: arial, helvetica, sans-serif;\">Ontem, a negocia\u00e7\u00e3o avan\u00e7ou porque os Bancos recuaram em mexer na regra da Participa\u00e7\u00e3o nos Lucros e Resultados (PLR) e ficou mantida a parcela adicional que \u00e9 de 2,2% do lucro l\u00edquido sem alterar a regra. Por\u00e9m, insistiram no reajuste zero para 2020, s\u00f3 com abono. Propuseram um abono de R$ 1.656,22 para este ano. Para o ano que vem, a proposta apresentada foi de repor 70% da infla\u00e7\u00e3o pelo \u00edndice do INPC a partir de 1\u00ba de setembro e os outros 30% depois de seis meses.<\/span><\/p>\n<p style=\"text-align: justify;\"><span style=\"font-family: arial, helvetica, sans-serif;\">As assembleias marcadas em sindicatos de todo o pa\u00eds v\u00e3o avaliar se a Fenaban mudou de ideia. A categoria mostrou disposi\u00e7\u00e3o de luta esta semana e realizou grandes assembleias e plen\u00e1rias por todo o pa\u00eds. Os representantes dos Bancos precisam saber que sem reajuste a Fenaban vai jogar os banc\u00e1rios para a greve. <\/span><\/p>\n<p style=\"text-align: justify;\"><span style=\"font-family: arial, helvetica, sans-serif;\">Vamos fazer o tuita\u00e7o! Todos \u00e0s assembleias de hoje \u00e0 noite!<\/span><\/p>\n<p><span style=\"font-family: arial, helvetica, sans-serif;\">Fonte: Contraf<\/span><\/p>\n","protected":false},"excerpt":{"rendered":"<p class=\"excerpt\">Tuita\u00e7o ser\u00e1 \u00e0s 13h; Categoria n\u00e3o aceita o reajuste zero; Assembleias de hoje \u00e0 noite v\u00e3o avaliar a campanha A luta n\u00e3o para! Logo mais \u00e0s 13h a categoria banc\u00e1ria faz mais uma press\u00e3o sobre a Federa\u00e7\u00e3o Nacional dos Bancos (Fenaban) com o tuita\u00e7o. Participe e venha tuitar a hashtag #BancosExploram. A press\u00e3o \u00e9 importante [&hellip;]<\/p>\n","protected":false},"author":2,"featured_media":12942,"comment_status":"closed","ping_status":"closed","sticky":false,"template":"","format":"standard","meta":{"_et_pb_use_builder":"","_et_pb_old_content":"","_et_gb_content_width":"","footnotes":""},"categories":[155],"tags":[],"class_list":["post-12984","post","type-post","status-publish","format-standard","has-post-thumbnail","hentry","category-noticias-em-destaque"],"_links":{"self":[{"href":"https:\/\/sjcbancarios.com.br\/site\/wp-json\/wp\/v2\/posts\/12984","targetHints":{"allow":["GET"]}}],"collection":[{"href":"https:\/\/sjcbancarios.com.br\/site\/wp-json\/wp\/v2\/posts"}],"about":[{"href":"https:\/\/sjcbancarios.com.br\/site\/wp-json\/wp\/v2\/types\/post"}],"author":[{"embeddable":true,"href":"https:\/\/sjcbancarios.com.br\/site\/wp-json\/wp\/v2\/users\/2"}],"replies":[{"embeddable":true,"href":"https:\/\/sjcbancarios.com.br\/site\/wp-json\/wp\/v2\/comments?post=12984"}],"version-history":[{"count":0,"href":"https:\/\/sjcbancarios.com.br\/site\/wp-json\/wp\/v2\/posts\/12984\/revisions"}],"wp:featuredmedia":[{"embeddable":true,"href":"https:\/\/sjcbancarios.com.br\/site\/wp-json\/wp\/v2\/media\/12942"}],"wp:attachment":[{"href":"https:\/\/sjcbancarios.com.br\/site\/wp-json\/wp\/v2\/media?parent=12984"}],"wp:term":[{"taxonomy":"category","embeddable":true,"href":"https:\/\/sjcbancarios.com.br\/site\/wp-json\/wp\/v2\/categories?post=12984"},{"taxonomy":"post_tag","embeddable":true,"href":"https:\/\/sjcbancarios.com.br\/site\/wp-json\/wp\/v2\/tags?post=12984"}],"curies":[{"name":"wp","href":"https:\/\/api.w.org\/{rel}","templated":true}]}}