{"id":12980,"date":"2020-08-27T09:15:00","date_gmt":"2020-08-27T12:15:00","guid":{"rendered":"https:\/\/sjcbancarios.com.br\/site\/?p=12980"},"modified":"2020-08-27T09:54:42","modified_gmt":"2020-08-27T12:54:42","slug":"em-carta-febraban-apoia-reforma-e-diz-que-e-fundamental-nao-elevar-carga","status":"publish","type":"post","link":"https:\/\/sjcbancarios.com.br\/site\/noticias\/em-carta-febraban-apoia-reforma-e-diz-que-e-fundamental-nao-elevar-carga\/","title":{"rendered":"Em carta, Febraban apoia reforma e diz que \u00e9 fundamental n\u00e3o elevar carga"},"content":{"rendered":"<p><strong>A Febraban promover\u00e1 semin\u00e1rios de debates sobre o assunto nas pr\u00f3ximas semanas<\/strong><\/p>\n<p><img loading=\"lazy\" decoding=\"async\" class=\"aligncenter wp-image-12982 size-medium\" src=\"https:\/\/sjcbancarios.com.br\/site\/wp-content\/uploads\/2020\/08\/ministro-1-450x300.jpg\" alt=\"\" width=\"450\" height=\"300\" srcset=\"https:\/\/sjcbancarios.com.br\/site\/wp-content\/uploads\/2020\/08\/ministro-1-450x300.jpg 450w, https:\/\/sjcbancarios.com.br\/site\/wp-content\/uploads\/2020\/08\/ministro-1-24x16.jpg 24w, https:\/\/sjcbancarios.com.br\/site\/wp-content\/uploads\/2020\/08\/ministro-1-36x24.jpg 36w, https:\/\/sjcbancarios.com.br\/site\/wp-content\/uploads\/2020\/08\/ministro-1-48x32.jpg 48w, https:\/\/sjcbancarios.com.br\/site\/wp-content\/uploads\/2020\/08\/ministro-1-272x182.jpg 272w, https:\/\/sjcbancarios.com.br\/site\/wp-content\/uploads\/2020\/08\/ministro-1.jpg 510w\" sizes=\"(max-width: 450px) 100vw, 450px\" \/><br \/>\n(foto: Minervino Junior\/CB\/D.A. Press &#8211; 31\/3\/17 )<br \/>\n(foto: Minervino Junior\/CB\/D.A. Press \u2013 31\/3\/17 )<br \/>\nSem citar a proposta do governo que prev\u00ea a unifica\u00e7\u00e3o do PIS e Cofins em um imposto chamado de Contribui\u00e7\u00e3o de Bens e Servi\u00e7os (CBS), o qual elevaria a carga tribut\u00e1ria paga pelos bancos de 4,65% para 5,8%, a Federa\u00e7\u00e3o Brasileira dos Bancos (Febraban) divulgou nesta segunda-feira, 24, uma carta p\u00fablica em defesa da reforma tribut\u00e1ria e mostrou que vai participar ativamente desse processo de discuss\u00e3o, de um lado ouvindo a sociedade e, de outro, querendo tamb\u00e9m ser ouvida. Por isso, a Febraban promover\u00e1 semin\u00e1rios de debates sobre o assunto nas pr\u00f3ximas semanas. A entidade destacou que \u00e9 fundamental \u201cn\u00e3o haver aumento de carga\u201d, que j\u00e1 \u00e9 elevada hoje.<br \/>\nTais encontros, destacou o presidente da entidade Isaac Sidney em v\u00eddeo, t\u00eam o objetivo de ouvir a sociedade e setores da economia. \u201cE mais do que isso, queremos ser ouvidos. Entendemos que a reforma tribut\u00e1ria \u00e9 condi\u00e7\u00e3o essencial para destravar o crescimento econ\u00f4mico, para criar ambiente de neg\u00f3cios mais favor\u00e1vel e para melhorar a vida das empresas e das fam\u00edlias. Estamos no debate e vamos continuar\u201d, disse, ainda no v\u00eddeo.<br \/>\nSidney disse que a Febraban representa um setor estrat\u00e9gico da economia. \u201cA Febraban se sente legitimada a entrar nesse debate e defende um sistema tribut\u00e1rio sustent\u00e1vel, que permita prover recursos para a atividade e para os investimentos do setor p\u00fablico\u201d, destacou.<br \/>\nA carta trouxe alguns princ\u00edpios que acredita que a reforma deve ser sustentada, como neutralidade, simplicidade, equidade e transpar\u00eancia.<br \/>\n\u201cA crise econ\u00f4mica na qual o Brasil mergulhou com a pandemia do coronav\u00edrus torna ainda mais imperativa e urgente essa reforma. S\u00f3 com medidas firmes e arrojadas, que sinalizem um novo e melhor horizonte para a sociedade, ser\u00e1 poss\u00edvel impulsionar o pa\u00eds nesse esfor\u00e7o necess\u00e1rio de retomada econ\u00f4mica. Reforma Tribut\u00e1ria \u00e9 fundamental para o Brasil voltar a crescer mais r\u00e1pido\u201d, frisa a carta assinada pelo presidente da Febraban.<br \/>\nMesmo n\u00e3o citando a proposta do governo, no item em que fala sobre fundamento de neutralidade, a Febraban coloca que \u00e9 \u201cfundamental n\u00e3o haver aumento de carga tribut\u00e1ria\u201d, que j\u00e1 \u00e9 \u201creconhecidamente alta\u201d. \u201cAl\u00e9m disso, o sistema tribut\u00e1rio deve interferir o m\u00ednimo poss\u00edvel no funcionamento da economia e nas decis\u00f5es dos agentes econ\u00f4micos. As decis\u00f5es de produ\u00e7\u00e3o, consumo e investimento devem ser tomadas em fun\u00e7\u00e3o da l\u00f3gica econ\u00f4mica, para eliminarmos as distor\u00e7\u00f5es e assimetrias do nosso sistema tribut\u00e1rio\u201d, segundo o documento.<\/p>\n<p>Fonte: CorreioWeb \/ Contec<\/p>\n","protected":false},"excerpt":{"rendered":"<p class=\"excerpt\">A Febraban promover\u00e1 semin\u00e1rios de debates sobre o assunto nas pr\u00f3ximas semanas (foto: Minervino Junior\/CB\/D.A. Press &#8211; 31\/3\/17 ) (foto: Minervino Junior\/CB\/D.A. Press \u2013 31\/3\/17 ) Sem citar a proposta do governo que prev\u00ea a unifica\u00e7\u00e3o do PIS e Cofins em um imposto chamado de Contribui\u00e7\u00e3o de Bens e Servi\u00e7os (CBS), o qual elevaria a [&hellip;]<\/p>\n","protected":false},"author":2,"featured_media":12981,"comment_status":"closed","ping_status":"closed","sticky":false,"template":"","format":"standard","meta":{"_et_pb_use_builder":"","_et_pb_old_content":"","_et_gb_content_width":"","footnotes":""},"categories":[13],"tags":[],"class_list":["post-12980","post","type-post","status-publish","format-standard","has-post-thumbnail","hentry","category-noticias"],"_links":{"self":[{"href":"https:\/\/sjcbancarios.com.br\/site\/wp-json\/wp\/v2\/posts\/12980","targetHints":{"allow":["GET"]}}],"collection":[{"href":"https:\/\/sjcbancarios.com.br\/site\/wp-json\/wp\/v2\/posts"}],"about":[{"href":"https:\/\/sjcbancarios.com.br\/site\/wp-json\/wp\/v2\/types\/post"}],"author":[{"embeddable":true,"href":"https:\/\/sjcbancarios.com.br\/site\/wp-json\/wp\/v2\/users\/2"}],"replies":[{"embeddable":true,"href":"https:\/\/sjcbancarios.com.br\/site\/wp-json\/wp\/v2\/comments?post=12980"}],"version-history":[{"count":0,"href":"https:\/\/sjcbancarios.com.br\/site\/wp-json\/wp\/v2\/posts\/12980\/revisions"}],"wp:featuredmedia":[{"embeddable":true,"href":"https:\/\/sjcbancarios.com.br\/site\/wp-json\/wp\/v2\/media\/12981"}],"wp:attachment":[{"href":"https:\/\/sjcbancarios.com.br\/site\/wp-json\/wp\/v2\/media?parent=12980"}],"wp:term":[{"taxonomy":"category","embeddable":true,"href":"https:\/\/sjcbancarios.com.br\/site\/wp-json\/wp\/v2\/categories?post=12980"},{"taxonomy":"post_tag","embeddable":true,"href":"https:\/\/sjcbancarios.com.br\/site\/wp-json\/wp\/v2\/tags?post=12980"}],"curies":[{"name":"wp","href":"https:\/\/api.w.org\/{rel}","templated":true}]}}