{"id":12955,"date":"2020-08-25T21:44:36","date_gmt":"2020-08-26T00:44:36","guid":{"rendered":"https:\/\/sjcbancarios.com.br\/site\/?p=12955"},"modified":"2020-08-28T22:51:51","modified_gmt":"2020-08-29T01:51:51","slug":"edital-de-convocacao-de-assembleia-geral-extraordinaria","status":"publish","type":"post","link":"https:\/\/sjcbancarios.com.br\/site\/noticias\/edital-de-convocacao-de-assembleia-geral-extraordinaria\/","title":{"rendered":"Edital de Convoca\u00e7\u00e3o de Assembleia Geral Extraordin\u00e1ria"},"content":{"rendered":"<p style=\"text-align: justify;\">O Sindicato dos Empregados em Estabelecimentos Banc\u00e1rios de S\u00e3o Jos\u00e9 dos Campos e Regi\u00e3o, inscrito no CNPJ\/MF sob o n\u00ba 51.618.023\/0001-03, Registro sindical n\u00ba 199507\/1963, por seu presidente abaixo assinado, convoca todos os trabalhadores banc\u00e1rios, s\u00f3cios e n\u00e3o s\u00f3cios, da base territorial deste sindicato, para a assembleia geral extraordin\u00e1ria que se realizar\u00e1 de forma remota\/virtual a partir das 19:00 horas do dia 27\/08\/2020 (quinta-feira), na forma disposta no site <a href=\"https:\/\/sjcbancarios.com.br\/site\/\">www.sjcbancarios.com.br<\/a> onde estar\u00e3o dispon\u00edveis todas as informa\u00e7\u00f5es necess\u00e1rias para a delibera\u00e7\u00e3o acerca da seguinte pauta: 1. Avalia\u00e7\u00e3o da proposta apresentada pela FENABAN e delibera\u00e7\u00f5es em caso de recusa da mesma; 2. Delibera\u00e7\u00e3o sobre a transforma\u00e7\u00e3o desta Assembleia Geral Extraordin\u00e1ria em Assembleia Geral Extraordin\u00e1ria Permanente com consultas assembleias\u00a0 remotas\/virtuais em dias e hor\u00e1rios convocados pela Coordena\u00e7\u00e3o Nacional do Comando Nacional dos Banc\u00e1rios por meio dos canais de divulga\u00e7\u00e3o digitais oficiais do Sindicato, e da FEEB SP\/MS.<\/p>\n<p>S\u00e3o Jos\u00e9 dos Campos, 25 de agosto de 2020.<\/p>\n<p>Ant\u00f4nio Marcos de Barros<br \/>\nPresidente<\/p>\n","protected":false},"excerpt":{"rendered":"<p class=\"excerpt\">O Sindicato dos Empregados em Estabelecimentos Banc\u00e1rios de S\u00e3o Jos\u00e9 dos Campos e Regi\u00e3o, inscrito no CNPJ\/MF sob o n\u00ba 51.618.023\/0001-03, Registro sindical n\u00ba 199507\/1963, por seu presidente abaixo assinado, convoca todos os trabalhadores banc\u00e1rios, s\u00f3cios e n\u00e3o s\u00f3cios, da base territorial deste sindicato, para a assembleia geral extraordin\u00e1ria que se realizar\u00e1 de forma remota\/virtual [&hellip;]<\/p>\n","protected":false},"author":2,"featured_media":12677,"comment_status":"closed","ping_status":"closed","sticky":false,"template":"","format":"standard","meta":{"_et_pb_use_builder":"","_et_pb_old_content":"","_et_gb_content_width":"","footnotes":""},"categories":[13],"tags":[],"class_list":["post-12955","post","type-post","status-publish","format-standard","has-post-thumbnail","hentry","category-noticias"],"_links":{"self":[{"href":"https:\/\/sjcbancarios.com.br\/site\/wp-json\/wp\/v2\/posts\/12955","targetHints":{"allow":["GET"]}}],"collection":[{"href":"https:\/\/sjcbancarios.com.br\/site\/wp-json\/wp\/v2\/posts"}],"about":[{"href":"https:\/\/sjcbancarios.com.br\/site\/wp-json\/wp\/v2\/types\/post"}],"author":[{"embeddable":true,"href":"https:\/\/sjcbancarios.com.br\/site\/wp-json\/wp\/v2\/users\/2"}],"replies":[{"embeddable":true,"href":"https:\/\/sjcbancarios.com.br\/site\/wp-json\/wp\/v2\/comments?post=12955"}],"version-history":[{"count":0,"href":"https:\/\/sjcbancarios.com.br\/site\/wp-json\/wp\/v2\/posts\/12955\/revisions"}],"wp:featuredmedia":[{"embeddable":true,"href":"https:\/\/sjcbancarios.com.br\/site\/wp-json\/wp\/v2\/media\/12677"}],"wp:attachment":[{"href":"https:\/\/sjcbancarios.com.br\/site\/wp-json\/wp\/v2\/media?parent=12955"}],"wp:term":[{"taxonomy":"category","embeddable":true,"href":"https:\/\/sjcbancarios.com.br\/site\/wp-json\/wp\/v2\/categories?post=12955"},{"taxonomy":"post_tag","embeddable":true,"href":"https:\/\/sjcbancarios.com.br\/site\/wp-json\/wp\/v2\/tags?post=12955"}],"curies":[{"name":"wp","href":"https:\/\/api.w.org\/{rel}","templated":true}]}}