{"id":12905,"date":"2020-08-21T09:23:06","date_gmt":"2020-08-21T12:23:06","guid":{"rendered":"https:\/\/sjcbancarios.com.br\/site\/?p=12905"},"modified":"2020-08-21T09:24:42","modified_gmt":"2020-08-21T12:24:42","slug":"fenaban-nao-apresenta-proposta-e-insiste-em-retirada-de-direitos","status":"publish","type":"post","link":"https:\/\/sjcbancarios.com.br\/site\/noticias\/fenaban-nao-apresenta-proposta-e-insiste-em-retirada-de-direitos\/","title":{"rendered":"Fenaban n\u00e3o apresenta proposta e insiste em retirada de direitos"},"content":{"rendered":"<p>Negocia\u00e7\u00e3o prop\u00f5e retirada da 13 cesta e diminui\u00e7\u00e3o de comiss\u00e3o de fun\u00e7\u00e3o<\/p>\n<p>Nesta quinta-feira, 20, o Comando Nacional se reuniu com a Federa\u00e7\u00e3o Nacional dos Bancos para a sexta rodada de negocia\u00e7\u00e3o. O comando cobrou da representa\u00e7\u00e3o dos bancos resposta \u00e0s reivindica\u00e7\u00f5es da categoria. durante as negocia\u00e7\u00f5es a Fenaban apresentou proposta para diminui\u00e7\u00e3o da comiss\u00e3o de fun\u00e7\u00e3o e a retirada da 13 Cesta. As negocia\u00e7\u00f5es ter\u00e3o continuidade nesta sexta-feira, 21. Entre as respostas aguardadas pela categoria est\u00e3o aumento real de sal\u00e1rio e da PLR, regulamenta\u00e7\u00e3o do teletrabalho, estabilidade no emprego, entre outros eixos de reivindica\u00e7\u00e3o.<\/p>\n<p><img loading=\"lazy\" decoding=\"async\" class=\"aligncenter wp-image-12906 size-full\" src=\"https:\/\/sjcbancarios.com.br\/site\/wp-content\/uploads\/2020\/08\/Feeb_20082020ok.jpg\" alt=\"\" width=\"940\" height=\"788\" srcset=\"https:\/\/sjcbancarios.com.br\/site\/wp-content\/uploads\/2020\/08\/Feeb_20082020ok.jpg 940w, https:\/\/sjcbancarios.com.br\/site\/wp-content\/uploads\/2020\/08\/Feeb_20082020ok-358x300.jpg 358w, https:\/\/sjcbancarios.com.br\/site\/wp-content\/uploads\/2020\/08\/Feeb_20082020ok-768x644.jpg 768w, https:\/\/sjcbancarios.com.br\/site\/wp-content\/uploads\/2020\/08\/Feeb_20082020ok-24x20.jpg 24w, https:\/\/sjcbancarios.com.br\/site\/wp-content\/uploads\/2020\/08\/Feeb_20082020ok-36x30.jpg 36w, https:\/\/sjcbancarios.com.br\/site\/wp-content\/uploads\/2020\/08\/Feeb_20082020ok-48x40.jpg 48w\" sizes=\"(max-width: 940px) 100vw, 940px\" \/><br \/>\nNesta quinta-feira, 20, foi realizado um tuita\u00e7o, que movimentou a categoria banc\u00e1ria em todo o pa\u00eds. Na ter\u00e7a-feira, o Comando Nacional rejeitou a proposta dos bancos de redu\u00e7\u00e3o da PLR em at\u00e9 48%.<\/p>\n<p>&#8220;Foi uma negocia\u00e7\u00e3o inconclusiva, ainda h\u00e1 muitos itens em abertos e quest\u00f5es relevantes nas reivindica\u00e7\u00f5es da categoria, como igualdade e diversidade, caminham lentamente e est\u00e3o longe de atingirmos um objetivo ideal&#8221;, explica Reginaldo Breda, secret\u00e1rio geral da Federa\u00e7\u00e3o dos Empregados em Estabelecimentos Banc\u00e1rios dos Estados de S\u00e3o Paulo e Mato Grosso do Sul (Feeb SP MS).<\/p>\n<p>Acompanhe todas as negocia\u00e7\u00f5es pelas nossas redes sociais.<\/p>\n<p>&nbsp;<\/p>\n<p>Fonte: Feeb\/SP\/MS<\/p>\n","protected":false},"excerpt":{"rendered":"<p class=\"excerpt\">Negocia\u00e7\u00e3o prop\u00f5e retirada da 13 cesta e diminui\u00e7\u00e3o de comiss\u00e3o de fun\u00e7\u00e3o Nesta quinta-feira, 20, o Comando Nacional se reuniu com a Federa\u00e7\u00e3o Nacional dos Bancos para a sexta rodada de negocia\u00e7\u00e3o. O comando cobrou da representa\u00e7\u00e3o dos bancos resposta \u00e0s reivindica\u00e7\u00f5es da categoria. durante as negocia\u00e7\u00f5es a Fenaban apresentou proposta para diminui\u00e7\u00e3o da comiss\u00e3o [&hellip;]<\/p>\n","protected":false},"author":2,"featured_media":12907,"comment_status":"closed","ping_status":"closed","sticky":false,"template":"","format":"standard","meta":{"_et_pb_use_builder":"","_et_pb_old_content":"","_et_gb_content_width":"","footnotes":""},"categories":[13,155],"tags":[],"class_list":["post-12905","post","type-post","status-publish","format-standard","has-post-thumbnail","hentry","category-noticias","category-noticias-em-destaque"],"_links":{"self":[{"href":"https:\/\/sjcbancarios.com.br\/site\/wp-json\/wp\/v2\/posts\/12905","targetHints":{"allow":["GET"]}}],"collection":[{"href":"https:\/\/sjcbancarios.com.br\/site\/wp-json\/wp\/v2\/posts"}],"about":[{"href":"https:\/\/sjcbancarios.com.br\/site\/wp-json\/wp\/v2\/types\/post"}],"author":[{"embeddable":true,"href":"https:\/\/sjcbancarios.com.br\/site\/wp-json\/wp\/v2\/users\/2"}],"replies":[{"embeddable":true,"href":"https:\/\/sjcbancarios.com.br\/site\/wp-json\/wp\/v2\/comments?post=12905"}],"version-history":[{"count":0,"href":"https:\/\/sjcbancarios.com.br\/site\/wp-json\/wp\/v2\/posts\/12905\/revisions"}],"wp:featuredmedia":[{"embeddable":true,"href":"https:\/\/sjcbancarios.com.br\/site\/wp-json\/wp\/v2\/media\/12907"}],"wp:attachment":[{"href":"https:\/\/sjcbancarios.com.br\/site\/wp-json\/wp\/v2\/media?parent=12905"}],"wp:term":[{"taxonomy":"category","embeddable":true,"href":"https:\/\/sjcbancarios.com.br\/site\/wp-json\/wp\/v2\/categories?post=12905"},{"taxonomy":"post_tag","embeddable":true,"href":"https:\/\/sjcbancarios.com.br\/site\/wp-json\/wp\/v2\/tags?post=12905"}],"curies":[{"name":"wp","href":"https:\/\/api.w.org\/{rel}","templated":true}]}}