{"id":12895,"date":"2020-08-17T09:40:44","date_gmt":"2020-08-17T12:40:44","guid":{"rendered":"https:\/\/sjcbancarios.com.br\/site\/?p=12895"},"modified":"2020-08-18T09:42:58","modified_gmt":"2020-08-18T12:42:58","slug":"reuniao-de-negociacao-com-a-fenaban-nesta-terca-feira-18-8","status":"publish","type":"post","link":"https:\/\/sjcbancarios.com.br\/site\/noticias\/reuniao-de-negociacao-com-a-fenaban-nesta-terca-feira-18-8\/","title":{"rendered":"Reuni\u00e3o de negocia\u00e7\u00e3o com a Fenaban nesta ter\u00e7a-feira (18\/8)"},"content":{"rendered":"<p>\nReuni\u00e3o de negocia\u00e7\u00e3o com a Fenaban nesta ter\u00e7a-feira (18\/8)<\/p>\n<p>\nAmanh\u00e3 (14\/08), a partir das 9h, a Comiss\u00e3o Executiva Banc\u00e1ria Nacional de Negocia\u00e7\u00e3o \u2013 CEBNN\/Contec se re\u00fane com a Fenaban. \u00c9 a s\u00e9tima reuni\u00e3o de negocia\u00e7\u00e3o desta Campanha Salarial 2020. Na pauta ser\u00e3o debatidos os seguintes temas:<\/p>\n<p>28 Estabilidade de dirigente sindical (Anexo III)<\/p>\n<p>02 Reajuste salarial<\/p>\n<p>03 Reajustes dos Aux\u00edlios (Refei\u00e7\u00e3o, Cesta, Creche e outros benef\u00edcios)<\/p>\n<p>04 Gratifica\u00e7\u00e3o de fun\u00e7\u00e3o<\/p>\n<p>05 Gratifica\u00e7\u00e3o semestral<\/p>\n<p>06 Sal\u00e1rio substituto<\/p>\n<p>07 Aux\u00edlios: gradua\u00e7\u00e3o, p\u00f3s e especializa\u00e7\u00f5es<\/p>\n<p>08 Adicional de fronteira<\/p>\n<p>09 Incorpora\u00e7\u00e3o de fun\u00e7\u00e3o<\/p>\n<p>10 Isen\u00e7\u00e3o de tarifas e cobran\u00e7a de juros menores dos banc\u00e1rios<\/p>\n<p>11 PLR<\/p>\n<p>Fonte: Comiss\u00e3o Executiva Banc\u00e1ria Nacional de Negocia\u00e7\u00e3o \u2013 CEBNN\/Contec<\/p>\n","protected":false},"excerpt":{"rendered":"<p class=\"excerpt\">Reuni\u00e3o de negocia\u00e7\u00e3o com a Fenaban nesta ter\u00e7a-feira (18\/8) Amanh\u00e3 (14\/08), a partir das 9h, a Comiss\u00e3o Executiva Banc\u00e1ria Nacional de Negocia\u00e7\u00e3o \u2013 CEBNN\/Contec se re\u00fane com a Fenaban. \u00c9 a s\u00e9tima reuni\u00e3o de negocia\u00e7\u00e3o desta Campanha Salarial 2020. Na pauta ser\u00e3o debatidos os seguintes temas: 28 Estabilidade de dirigente sindical (Anexo III) 02 Reajuste [&hellip;]<\/p>\n","protected":false},"author":2,"featured_media":12896,"comment_status":"closed","ping_status":"closed","sticky":false,"template":"","format":"standard","meta":{"_et_pb_use_builder":"","_et_pb_old_content":"","_et_gb_content_width":"","footnotes":""},"categories":[13],"tags":[],"class_list":["post-12895","post","type-post","status-publish","format-standard","has-post-thumbnail","hentry","category-noticias"],"_links":{"self":[{"href":"https:\/\/sjcbancarios.com.br\/site\/wp-json\/wp\/v2\/posts\/12895","targetHints":{"allow":["GET"]}}],"collection":[{"href":"https:\/\/sjcbancarios.com.br\/site\/wp-json\/wp\/v2\/posts"}],"about":[{"href":"https:\/\/sjcbancarios.com.br\/site\/wp-json\/wp\/v2\/types\/post"}],"author":[{"embeddable":true,"href":"https:\/\/sjcbancarios.com.br\/site\/wp-json\/wp\/v2\/users\/2"}],"replies":[{"embeddable":true,"href":"https:\/\/sjcbancarios.com.br\/site\/wp-json\/wp\/v2\/comments?post=12895"}],"version-history":[{"count":0,"href":"https:\/\/sjcbancarios.com.br\/site\/wp-json\/wp\/v2\/posts\/12895\/revisions"}],"wp:featuredmedia":[{"embeddable":true,"href":"https:\/\/sjcbancarios.com.br\/site\/wp-json\/wp\/v2\/media\/12896"}],"wp:attachment":[{"href":"https:\/\/sjcbancarios.com.br\/site\/wp-json\/wp\/v2\/media?parent=12895"}],"wp:term":[{"taxonomy":"category","embeddable":true,"href":"https:\/\/sjcbancarios.com.br\/site\/wp-json\/wp\/v2\/categories?post=12895"},{"taxonomy":"post_tag","embeddable":true,"href":"https:\/\/sjcbancarios.com.br\/site\/wp-json\/wp\/v2\/tags?post=12895"}],"curies":[{"name":"wp","href":"https:\/\/api.w.org\/{rel}","templated":true}]}}