{"id":12882,"date":"2020-08-17T08:58:30","date_gmt":"2020-08-17T11:58:30","guid":{"rendered":"https:\/\/sjcbancarios.com.br\/site\/?p=12882"},"modified":"2020-08-17T08:58:30","modified_gmt":"2020-08-17T11:58:30","slug":"clausulas-sociais-e-economicas-foram-discutidas-na-quinta-mesa-negociacao-entre-comando-nacional-e-fenaban","status":"publish","type":"post","link":"https:\/\/sjcbancarios.com.br\/site\/noticias-em-destaque\/clausulas-sociais-e-economicas-foram-discutidas-na-quinta-mesa-negociacao-entre-comando-nacional-e-fenaban\/","title":{"rendered":"Cl\u00e1usulas Sociais e Econ\u00f4micas foram discutidas na quinta mesa negocia\u00e7\u00e3o entre Comando Nacional e Fenaban"},"content":{"rendered":"<p style=\"text-align: justify;\">O Comando Nacional dos Banc\u00e1rios, que representa os sindicatos da categoria, e a Federa\u00e7\u00e3o Nacional dos Bancos (Fenaban) se reuniram nesta sexta-feira (14 de agosto), por videoconfer\u00eancia, para negociar as cl\u00e1usulas sociais e econ\u00f4micas da nova Conven\u00e7\u00e3o Coletiva de Trabalho (CCT); a atual perde validade no pr\u00f3ximo dia 31.<\/p>\n<p style=\"text-align: justify;\">Entre as propostas apresentadas pelo Comando nesta quinta rodada de negocia\u00e7\u00e3o, est\u00e3o \u00e0 reposi\u00e7\u00e3o da infla\u00e7\u00e3o registrada entre os meses de setembro e 2019 e agosto deste ano, mais 5% de aumento real. Banc\u00e1rios reivindicam ainda, o aumento da Participa\u00e7\u00e3o nos Lucros e Resultados (PLR), dos vales alimenta\u00e7\u00e3o, refei\u00e7\u00e3o e aux\u00edlios creche\/bab\u00e1. E mais: Plano de Cargos e Sal\u00e1rios, suspens\u00e3o da terceiriza\u00e7\u00e3o, comiss\u00e3o bipartite para discutir as mudan\u00e7as tecnol\u00f3gicas, isen\u00e7\u00e3o de tarifas para os banc\u00e1rios, e indeniza\u00e7\u00e3o adicional para coibir demiss\u00f5es imotivadas.<\/p>\n<p style=\"text-align: justify;\">Os Bancos assumiram compromisso de apresentar as respostas \u00e0s reivindica\u00e7\u00f5es na sexta rodada de negocia\u00e7\u00e3o programada para o dia 18 (ter\u00e7a-feira).<\/p>\n<p style=\"text-align: justify;\">Para o representante da Federa\u00e7\u00e3o dos Empregados em Estabelecimentos Banc\u00e1rios dos Estados de S\u00e3o Paulo e Mato Grosso do Sul, Lourival Rodrigues, \u201ca Fenaban culpou a pandemia pela queda na lucratividade. Os sindicatos desmontaram esse argumento, mostrando que os lucros permanecem altos e a redu\u00e7\u00e3o foi em decorr\u00eancia do aumento da PDD (provis\u00e3o para poss\u00edveis calotes)\u201d.<\/p>\n<p style=\"text-align: justify;\">A Campanha entra numa fase decisiva; a data-base \u00e9 1\u00ba de setembro. \u201cO momento exige mobiliza\u00e7\u00e3o, envolvimento da categoria. Portanto, \u00e9 fundamental participar dos tuita\u00e7os, postar mensagens nas redes sociais. Mostrar insatisfa\u00e7\u00e3o contra o discurso dos Bancos, que s\u00f3 querem reduzir direitos e postos de trabalho\u201d, refor\u00e7a Lourival.<\/p>\n<p style=\"text-align: justify;\">De acordo com o presidente da Feeb SP MS, Jeferson Boava, os Bancos tem atuado numa l\u00f3gica de supress\u00e3o de conquistas. &#8220;Os argumentos tem sido de que os Bancos est\u00e3o perdendo mercado para os fintechs e cooperativas, que as mudan\u00e7as tecnol\u00f3gicas devem ser observadas e alguns artigos da CCT trazem inseguran\u00e7a jur\u00eddica para os Bancos. Nosso papel \u00e9 continuar na linha de frente da defesa do banc\u00e1rio e da banc\u00e1ria e na luta por nenhum direito a menos&#8221;, destaca.<\/p>\n<p style=\"text-align: justify;\">Os Bancos apresentar\u00e3o proposta na pr\u00f3xima ter\u00e7a-feira, dia 18.<\/p>\n","protected":false},"excerpt":{"rendered":"<p class=\"excerpt\">O Comando Nacional dos Banc\u00e1rios, que representa os sindicatos da categoria, e a Federa\u00e7\u00e3o Nacional dos Bancos (Fenaban) se reuniram nesta sexta-feira (14 de agosto), por videoconfer\u00eancia, para negociar as cl\u00e1usulas sociais e econ\u00f4micas da nova Conven\u00e7\u00e3o Coletiva de Trabalho (CCT); a atual perde validade no pr\u00f3ximo dia 31. Entre as propostas apresentadas pelo Comando [&hellip;]<\/p>\n","protected":false},"author":2,"featured_media":12883,"comment_status":"closed","ping_status":"closed","sticky":false,"template":"","format":"standard","meta":{"_et_pb_use_builder":"","_et_pb_old_content":"","_et_gb_content_width":"","footnotes":""},"categories":[155],"tags":[],"class_list":["post-12882","post","type-post","status-publish","format-standard","has-post-thumbnail","hentry","category-noticias-em-destaque"],"_links":{"self":[{"href":"https:\/\/sjcbancarios.com.br\/site\/wp-json\/wp\/v2\/posts\/12882","targetHints":{"allow":["GET"]}}],"collection":[{"href":"https:\/\/sjcbancarios.com.br\/site\/wp-json\/wp\/v2\/posts"}],"about":[{"href":"https:\/\/sjcbancarios.com.br\/site\/wp-json\/wp\/v2\/types\/post"}],"author":[{"embeddable":true,"href":"https:\/\/sjcbancarios.com.br\/site\/wp-json\/wp\/v2\/users\/2"}],"replies":[{"embeddable":true,"href":"https:\/\/sjcbancarios.com.br\/site\/wp-json\/wp\/v2\/comments?post=12882"}],"version-history":[{"count":0,"href":"https:\/\/sjcbancarios.com.br\/site\/wp-json\/wp\/v2\/posts\/12882\/revisions"}],"wp:featuredmedia":[{"embeddable":true,"href":"https:\/\/sjcbancarios.com.br\/site\/wp-json\/wp\/v2\/media\/12883"}],"wp:attachment":[{"href":"https:\/\/sjcbancarios.com.br\/site\/wp-json\/wp\/v2\/media?parent=12882"}],"wp:term":[{"taxonomy":"category","embeddable":true,"href":"https:\/\/sjcbancarios.com.br\/site\/wp-json\/wp\/v2\/categories?post=12882"},{"taxonomy":"post_tag","embeddable":true,"href":"https:\/\/sjcbancarios.com.br\/site\/wp-json\/wp\/v2\/tags?post=12882"}],"curies":[{"name":"wp","href":"https:\/\/api.w.org\/{rel}","templated":true}]}}