{"id":12871,"date":"2020-08-13T07:34:10","date_gmt":"2020-08-13T10:34:10","guid":{"rendered":"https:\/\/sjcbancarios.com.br\/site\/?p=12871"},"modified":"2020-08-14T07:39:43","modified_gmt":"2020-08-14T10:39:43","slug":"eleicoes-santanderprevi-diretoria-do-sindicato-apoia-patricia-bassani","status":"publish","type":"post","link":"https:\/\/sjcbancarios.com.br\/site\/noticias-em-destaque\/eleicoes-santanderprevi-diretoria-do-sindicato-apoia-patricia-bassani\/","title":{"rendered":"Elei\u00e7\u00f5es SantanderPrevi: Diretoria do Sindicato apoia Patr\u00edcia Bassani."},"content":{"rendered":"<p style=\"text-align: justify;\">A vota\u00e7\u00e3o ser\u00e1 eletr\u00f4nica, via site do fundo de previd\u00eancia privada\u00a0 <a href=\"https:\/\/www.portalprev.com.br\/santanderprevi\/santanderprevi\">www.santanderprevi<\/a> entre os dias 31 de agosto e 4 de setembro.<\/p>\n<p><img loading=\"lazy\" decoding=\"async\" class=\"alignnone size-medium wp-image-12873\" src=\"https:\/\/sjcbancarios.com.br\/site\/wp-content\/uploads\/2020\/08\/elei\u00e7\u00f5es-santander-253x300.jpg\" alt=\"\" width=\"253\" height=\"300\" srcset=\"https:\/\/sjcbancarios.com.br\/site\/wp-content\/uploads\/2020\/08\/elei\u00e7\u00f5es-santander-253x300.jpg 253w, https:\/\/sjcbancarios.com.br\/site\/wp-content\/uploads\/2020\/08\/elei\u00e7\u00f5es-santander-20x24.jpg 20w, https:\/\/sjcbancarios.com.br\/site\/wp-content\/uploads\/2020\/08\/elei\u00e7\u00f5es-santander-30x36.jpg 30w, https:\/\/sjcbancarios.com.br\/site\/wp-content\/uploads\/2020\/08\/elei\u00e7\u00f5es-santander-40x48.jpg 40w, https:\/\/sjcbancarios.com.br\/site\/wp-content\/uploads\/2020\/08\/elei\u00e7\u00f5es-santander.jpg 720w\" sizes=\"(max-width: 253px) 100vw, 253px\" \/><\/p>\n<p style=\"text-align: justify;\">A diretoria do Sindicato apoia a candidatura de Patr\u00edcia Bassanin para o Conselho Deliberativo. Patr\u00edcia \u00e9 uma candidata com autonomia nas decis\u00f5es, comprometida com os reais interesses dos participantes e assistidos, comprometida em assegurar um futuro tranquilo e uma aposentadoria decente.<\/p>\n<p>Fonte: Federa\u00e7\u00e3o dos Banc\u00e1rios de SPMS<\/p>\n","protected":false},"excerpt":{"rendered":"<p class=\"excerpt\">A vota\u00e7\u00e3o ser\u00e1 eletr\u00f4nica, via site do fundo de previd\u00eancia privada\u00a0 www.santanderprevi entre os dias 31 de agosto e 4 de setembro. A diretoria do Sindicato apoia a candidatura de Patr\u00edcia Bassanin para o Conselho Deliberativo. Patr\u00edcia \u00e9 uma candidata com autonomia nas decis\u00f5es, comprometida com os reais interesses dos participantes e assistidos, comprometida em [&hellip;]<\/p>\n","protected":false},"author":2,"featured_media":12872,"comment_status":"closed","ping_status":"closed","sticky":false,"template":"","format":"standard","meta":{"_et_pb_use_builder":"","_et_pb_old_content":"","_et_gb_content_width":"","footnotes":""},"categories":[155],"tags":[],"class_list":["post-12871","post","type-post","status-publish","format-standard","has-post-thumbnail","hentry","category-noticias-em-destaque"],"_links":{"self":[{"href":"https:\/\/sjcbancarios.com.br\/site\/wp-json\/wp\/v2\/posts\/12871","targetHints":{"allow":["GET"]}}],"collection":[{"href":"https:\/\/sjcbancarios.com.br\/site\/wp-json\/wp\/v2\/posts"}],"about":[{"href":"https:\/\/sjcbancarios.com.br\/site\/wp-json\/wp\/v2\/types\/post"}],"author":[{"embeddable":true,"href":"https:\/\/sjcbancarios.com.br\/site\/wp-json\/wp\/v2\/users\/2"}],"replies":[{"embeddable":true,"href":"https:\/\/sjcbancarios.com.br\/site\/wp-json\/wp\/v2\/comments?post=12871"}],"version-history":[{"count":0,"href":"https:\/\/sjcbancarios.com.br\/site\/wp-json\/wp\/v2\/posts\/12871\/revisions"}],"wp:featuredmedia":[{"embeddable":true,"href":"https:\/\/sjcbancarios.com.br\/site\/wp-json\/wp\/v2\/media\/12872"}],"wp:attachment":[{"href":"https:\/\/sjcbancarios.com.br\/site\/wp-json\/wp\/v2\/media?parent=12871"}],"wp:term":[{"taxonomy":"category","embeddable":true,"href":"https:\/\/sjcbancarios.com.br\/site\/wp-json\/wp\/v2\/categories?post=12871"},{"taxonomy":"post_tag","embeddable":true,"href":"https:\/\/sjcbancarios.com.br\/site\/wp-json\/wp\/v2\/tags?post=12871"}],"curies":[{"name":"wp","href":"https:\/\/api.w.org\/{rel}","templated":true}]}}