{"id":12868,"date":"2020-08-14T07:15:01","date_gmt":"2020-08-14T10:15:01","guid":{"rendered":"https:\/\/sjcbancarios.com.br\/site\/?p=12868"},"modified":"2020-08-14T07:33:16","modified_gmt":"2020-08-14T10:33:16","slug":"sindicatos-filiados-a-federacao-dos-bancarios-de-spms-assinam-manifesto-contra-a-mp-995","status":"publish","type":"post","link":"https:\/\/sjcbancarios.com.br\/site\/noticias-em-destaque\/sindicatos-filiados-a-federacao-dos-bancarios-de-spms-assinam-manifesto-contra-a-mp-995\/","title":{"rendered":"Sindicatos filiados \u00e0 Federa\u00e7\u00e3o dos Banc\u00e1rios de SPMS assinam manifesto contra a MP 995"},"content":{"rendered":"<p><em>MP permite a privatiza\u00e7\u00e3o da Caixa<\/em><\/p>\n<p style=\"text-align: justify;\"><span style=\"font-family: arial, helvetica, sans-serif;\">Na ultima ter\u00e7a-feira, \u00a0dia 11, o movimento sindical lan\u00e7ou um manifesto contra a MP 995\/2020, medida que permite a venda de ativos pela Caixa Econ\u00f4mica Federal e viabiliza a abertura de capital de suas subsidi\u00e1rias. A medida foi editada no \u00faltimo s\u00e1bado, dia 09, pelo presidente Jair Bolsonaro (sem partido). Nesta semana Confedera\u00e7\u00f5es, Federa\u00e7\u00f5es Estaduais e Sindicatos de todo o pa\u00eds, se uniram e lan\u00e7aram o manifesto contr\u00e1rio \u00e0 MP.<\/span><\/p>\n<p style=\"text-align: justify;\"><span style=\"font-family: arial, helvetica, sans-serif;\">&#8220;Diante desse ataque a \u00fanica resposta poss\u00edvel \u00e9 o rep\u00fadio da sociedade. Temos que nos mobilizar para afastar a MP 995. O pa\u00eds precisa da Caixa cada vez mais forte para alavancar a retomada do crescimento&#8221;, destaca Carlos Augusto Pipoca, representante da Federa\u00e7\u00e3o dos Empregados em Estabelecimentos Banc\u00e1rios dos Estados de S\u00e3o Paulo e Mato Grosso do Sul no CEE Caixa.<\/span><\/p>\n<p style=\"text-align: justify;\"><span style=\"font-family: arial, helvetica, sans-serif;\">A luta contra a privatiza\u00e7\u00e3o prev\u00ea ainda, a\u00e7\u00f5es para cria\u00e7\u00e3o de comit\u00eas de defesa da Caixa Econ\u00f4mica e realiza\u00e7\u00f5es de audi\u00eancias p\u00fablicas nas Assembleias Legislativas dos estados e nas C\u00e2maras Municipais.<\/span><\/p>\n<p style=\"text-align: justify;\"><span style=\"font-family: arial, helvetica, sans-serif;\">\u201cSomos contra a privatiza\u00e7\u00e3o dos Bancos p\u00fablicos. Diante da pandemia, onde a Caixa mostrou seu valor e potencial, sendo imprescind\u00edvel no atendimento \u00e0 milhares de brasileiros, o governo quer privatizar algo que \u00e9 de todos. Vamos juntos com a sociedade defender a Caixa como banco p\u00fablico\u201d, pontua Jeferson Boava, presidente da Federa\u00e7\u00e3o dos Empregados em Estabelecimentos Banc\u00e1rios dos Estados de S\u00e3o Paulo e Mato Grosso do Sul e membro do Comando Nacional.<\/span><\/p>\n<p><a href=\"https:\/\/www.apcefsp.org.br\/wp-content\/uploads\/2020\/08\/manifesto_mp955_2020-1.pdf\">Acesse o manifesto na \u00edntegra<\/a><\/p>\n<p>Fonte: Federa\u00e7\u00e3o dos Banc\u00e1rios de SPMS<\/p>\n","protected":false},"excerpt":{"rendered":"<p class=\"excerpt\">MP permite a privatiza\u00e7\u00e3o da Caixa Na ultima ter\u00e7a-feira, \u00a0dia 11, o movimento sindical lan\u00e7ou um manifesto contra a MP 995\/2020, medida que permite a venda de ativos pela Caixa Econ\u00f4mica Federal e viabiliza a abertura de capital de suas subsidi\u00e1rias. A medida foi editada no \u00faltimo s\u00e1bado, dia 09, pelo presidente Jair Bolsonaro (sem [&hellip;]<\/p>\n","protected":false},"author":2,"featured_media":12869,"comment_status":"closed","ping_status":"closed","sticky":false,"template":"","format":"standard","meta":{"_et_pb_use_builder":"","_et_pb_old_content":"","_et_gb_content_width":"","footnotes":""},"categories":[155],"tags":[],"class_list":["post-12868","post","type-post","status-publish","format-standard","has-post-thumbnail","hentry","category-noticias-em-destaque"],"_links":{"self":[{"href":"https:\/\/sjcbancarios.com.br\/site\/wp-json\/wp\/v2\/posts\/12868","targetHints":{"allow":["GET"]}}],"collection":[{"href":"https:\/\/sjcbancarios.com.br\/site\/wp-json\/wp\/v2\/posts"}],"about":[{"href":"https:\/\/sjcbancarios.com.br\/site\/wp-json\/wp\/v2\/types\/post"}],"author":[{"embeddable":true,"href":"https:\/\/sjcbancarios.com.br\/site\/wp-json\/wp\/v2\/users\/2"}],"replies":[{"embeddable":true,"href":"https:\/\/sjcbancarios.com.br\/site\/wp-json\/wp\/v2\/comments?post=12868"}],"version-history":[{"count":0,"href":"https:\/\/sjcbancarios.com.br\/site\/wp-json\/wp\/v2\/posts\/12868\/revisions"}],"wp:featuredmedia":[{"embeddable":true,"href":"https:\/\/sjcbancarios.com.br\/site\/wp-json\/wp\/v2\/media\/12869"}],"wp:attachment":[{"href":"https:\/\/sjcbancarios.com.br\/site\/wp-json\/wp\/v2\/media?parent=12868"}],"wp:term":[{"taxonomy":"category","embeddable":true,"href":"https:\/\/sjcbancarios.com.br\/site\/wp-json\/wp\/v2\/categories?post=12868"},{"taxonomy":"post_tag","embeddable":true,"href":"https:\/\/sjcbancarios.com.br\/site\/wp-json\/wp\/v2\/tags?post=12868"}],"curies":[{"name":"wp","href":"https:\/\/api.w.org\/{rel}","templated":true}]}}