{"id":12813,"date":"2020-08-06T10:26:17","date_gmt":"2020-08-06T13:26:17","guid":{"rendered":"https:\/\/sjcbancarios.com.br\/site\/?p=12813"},"modified":"2020-08-07T10:31:59","modified_gmt":"2020-08-07T13:31:59","slug":"campanha-salarial-2020-fenaban","status":"publish","type":"post","link":"https:\/\/sjcbancarios.com.br\/site\/noticias\/campanha-salarial-2020-fenaban\/","title":{"rendered":"Campanha salarial 2020 \u2013 FENABAN"},"content":{"rendered":"<p>Realizada nesta quinta-feira (06), a partir das 12h, via remota\/virtual, a terceira reuni\u00e3o entre a Comiss\u00e3o de Negocia\u00e7\u00e3o da CONTEC e a Comiss\u00e3o de Negocia\u00e7\u00e3o da FENABAN, para debate das reivindica\u00e7\u00f5es dos banc\u00e1rios, visando a manuten\u00e7\u00e3o da CCT vigente e agrega\u00e7\u00e3o de outros benef\u00edcios, objetivando assegurar a qualidade de vida e o bom atendimento da sociedade.<\/p>\n<p>Na reuni\u00e3o foram debatidas as quest\u00f5es referentes \u00e0s Comiss\u00f5es Tem\u00e1ticas, com destaque para a preocupa\u00e7\u00e3o da manuten\u00e7\u00e3o dos planos de sa\u00fade p\u00f3s-aposentadoria e aos conflitos de rela\u00e7\u00f5es trabalhistas e sindicais, restando consensuado, em princ\u00edpio, a manuten\u00e7\u00e3o das Comiss\u00f5es Tem\u00e1ticas constante da CCT vigente, com inclus\u00e3o dos temas apresentados na respectiva cl\u00e1usula na pauta de reivindica\u00e7\u00f5es entregue.<\/p>\n<p>A pr\u00f3xima reuni\u00e3o est\u00e1 agendada para realizar-se a partir das 16h30 do pr\u00f3ximo dia 11\/08.<\/p>\n<p>Recomendamos que as entidades sindicais mantenham os banc\u00e1rios informados sobre a campanha salarial, granjeando a mobiliza\u00e7\u00e3o de todos, em apoio \u00e0 Mesa de Negocia\u00e7\u00f5es, para o alcance das reivindica\u00e7\u00f5es apresentadas.<\/p>\n<p>Comiss\u00e3o Executiva Banc\u00e1ria Nacional de Negocia\u00e7\u00e3o \u2013 CEBNN\/CONTEC<\/p>\n<p>\nFonte: Contec<\/p>\n","protected":false},"excerpt":{"rendered":"<p class=\"excerpt\">Realizada nesta quinta-feira (06), a partir das 12h, via remota\/virtual, a terceira reuni\u00e3o entre a Comiss\u00e3o de Negocia\u00e7\u00e3o da CONTEC e a Comiss\u00e3o de Negocia\u00e7\u00e3o da FENABAN, para debate das reivindica\u00e7\u00f5es dos banc\u00e1rios, visando a manuten\u00e7\u00e3o da CCT vigente e agrega\u00e7\u00e3o de outros benef\u00edcios, objetivando assegurar a qualidade de vida e o bom atendimento da [&hellip;]<\/p>\n","protected":false},"author":2,"featured_media":12814,"comment_status":"closed","ping_status":"closed","sticky":false,"template":"","format":"standard","meta":{"_et_pb_use_builder":"","_et_pb_old_content":"","_et_gb_content_width":"","footnotes":""},"categories":[13],"tags":[],"class_list":["post-12813","post","type-post","status-publish","format-standard","has-post-thumbnail","hentry","category-noticias"],"_links":{"self":[{"href":"https:\/\/sjcbancarios.com.br\/site\/wp-json\/wp\/v2\/posts\/12813","targetHints":{"allow":["GET"]}}],"collection":[{"href":"https:\/\/sjcbancarios.com.br\/site\/wp-json\/wp\/v2\/posts"}],"about":[{"href":"https:\/\/sjcbancarios.com.br\/site\/wp-json\/wp\/v2\/types\/post"}],"author":[{"embeddable":true,"href":"https:\/\/sjcbancarios.com.br\/site\/wp-json\/wp\/v2\/users\/2"}],"replies":[{"embeddable":true,"href":"https:\/\/sjcbancarios.com.br\/site\/wp-json\/wp\/v2\/comments?post=12813"}],"version-history":[{"count":0,"href":"https:\/\/sjcbancarios.com.br\/site\/wp-json\/wp\/v2\/posts\/12813\/revisions"}],"wp:featuredmedia":[{"embeddable":true,"href":"https:\/\/sjcbancarios.com.br\/site\/wp-json\/wp\/v2\/media\/12814"}],"wp:attachment":[{"href":"https:\/\/sjcbancarios.com.br\/site\/wp-json\/wp\/v2\/media?parent=12813"}],"wp:term":[{"taxonomy":"category","embeddable":true,"href":"https:\/\/sjcbancarios.com.br\/site\/wp-json\/wp\/v2\/categories?post=12813"},{"taxonomy":"post_tag","embeddable":true,"href":"https:\/\/sjcbancarios.com.br\/site\/wp-json\/wp\/v2\/tags?post=12813"}],"curies":[{"name":"wp","href":"https:\/\/api.w.org\/{rel}","templated":true}]}}