{"id":12789,"date":"2020-08-05T07:16:43","date_gmt":"2020-08-05T10:16:43","guid":{"rendered":"https:\/\/sjcbancarios.com.br\/site\/?p=12789"},"modified":"2020-08-10T12:01:22","modified_gmt":"2020-08-10T15:01:22","slug":"primeira-rodada-de-negociacao-para-a-campanha-nacional-debateu-o-tema-teletrabalho","status":"publish","type":"post","link":"https:\/\/sjcbancarios.com.br\/site\/noticias\/primeira-rodada-de-negociacao-para-a-campanha-nacional-debateu-o-tema-teletrabalho\/","title":{"rendered":"Primeira rodada de negocia\u00e7\u00e3o para a Campanha Nacional debateu o tema Teletrabalho"},"content":{"rendered":"<p style=\"text-align: justify;\"><span style=\"font-family: arial, helvetica, sans-serif;\">Na ultima ter\u00e7a-feira, dia 04, teve in\u00edcio a primeira rodada de negocia\u00e7\u00e3o da Campanha Nacional dos banc\u00e1rios. O tema Teletrabalho foi debatido pelo Comando Nacional e a Federa\u00e7\u00e3o Nacional dos Bancos (Fenaban). A necessidade dos banc\u00e1rios foi evidenciada pelo Comando durante a apresenta\u00e7\u00e3o da pesquisa realizada com a categoria, que demonstrou entre as principais reivindica\u00e7\u00f5es, a disponibiliza\u00e7\u00e3o de equipamentos e mobili\u00e1rios adequados, o respeito \u00e0 jornada de trabalho com planejamento antecipado de reuni\u00f5es e defini\u00e7\u00e3o de hor\u00e1rios, a n\u00e3o intensifica\u00e7\u00e3o das metas, entre outras. A necessidade da reitera\u00e7\u00e3o do acordo coletivo tamb\u00e9m foi defendida pelo Comando Nacional \u00e0 representa\u00e7\u00e3o dos Bancos.\u00a0<\/span><\/p>\n<p style=\"text-align: justify;\"><span style=\"font-family: arial, helvetica, sans-serif;\">Em resposta aos apontamentos apresentados pelo movimento sindical, a Fenaban se comprometeu a consultar os Bancos e retornar em breve com resposta aos banc\u00e1rios.<\/span><\/p>\n<p style=\"text-align: justify;\"><span style=\"font-family: arial, helvetica, sans-serif;\">&#8220;Nessa primeira rodada apresentamos as demandas da categoria em rela\u00e7\u00e3o ao tema teletrabalho. Nosso objetivo \u00e9 avan\u00e7ar na constru\u00e7\u00e3o de um acordo coletivo que proteja e assegure os banc\u00e1rios&#8221;, pontuou Jeferson Boava, presidente da FEEB SP MS e representante do Sindicato na mesa de negocia\u00e7\u00e3o.<\/span><\/p>\n<p style=\"text-align: justify;\"><span style=\"font-family: arial, helvetica, sans-serif;\"><strong>Principais reivindica\u00e7\u00f5es<\/strong><\/span><\/p>\n<p style=\"text-align: justify;\"><span style=\"font-family: arial, helvetica, sans-serif;\">Os apontamentos feitos pelo Comando Nacional incluem:<\/span><\/p>\n<p style=\"text-align: justify;\"><span style=\"font-family: arial, helvetica, sans-serif;\">Apresenta\u00e7\u00e3o da cl\u00e1usula espec\u00edfica sobre Teletrabalho com a manuten\u00e7\u00e3o de todos os direitos, entre eles;<\/span><\/p>\n<p style=\"text-align: justify;\"><span style=\"font-family: arial, helvetica, sans-serif;\">Respeito \u00e0 jornada;<\/span><\/p>\n<p style=\"text-align: justify;\"><span style=\"font-family: arial, helvetica, sans-serif;\">Igualdade de oportunidades;<\/span><\/p>\n<p style=\"text-align: justify;\"><span style=\"font-family: arial, helvetica, sans-serif;\">Ressarcimento de custos e fornecimento de equipamentos;<\/span><\/p>\n<p style=\"text-align: justify;\"><span style=\"font-family: arial, helvetica, sans-serif;\"><strong>Pesquisa<\/strong><\/span><\/p>\n<p style=\"text-align: justify;\"><span style=\"font-family: arial, helvetica, sans-serif;\">As reivindica\u00e7\u00f5es foram apontadas com base na pesquisa aplicada aos banc\u00e1rios. De acordo com a pesquisa respondida pela categoria, o teletrabalho chegou a alcan\u00e7ar cerca de 300 mil pessoas em home office. O resultado demonstrou ainda, impactos como o agravamento da sa\u00fade ap\u00f3s o teletrabalho, custos com equipamentos n\u00e3o compensados pelos Bancos e jornadas de trabalho excessivas. A pesquisa serviu de base para a cl\u00e1usula 56 da minuta de reivindica\u00e7\u00f5es, espec\u00edfica sobre o tema.<\/span><\/p>\n<p><img loading=\"lazy\" decoding=\"async\" class=\"alignnone size-medium wp-image-12790\" src=\"https:\/\/sjcbancarios.com.br\/site\/wp-content\/uploads\/2020\/08\/pesquisa-home-ofice-450x253.jpg\" alt=\"\" width=\"450\" height=\"253\" srcset=\"https:\/\/sjcbancarios.com.br\/site\/wp-content\/uploads\/2020\/08\/pesquisa-home-ofice-450x253.jpg 450w, https:\/\/sjcbancarios.com.br\/site\/wp-content\/uploads\/2020\/08\/pesquisa-home-ofice-1024x576.jpg 1024w, https:\/\/sjcbancarios.com.br\/site\/wp-content\/uploads\/2020\/08\/pesquisa-home-ofice-768x432.jpg 768w, https:\/\/sjcbancarios.com.br\/site\/wp-content\/uploads\/2020\/08\/pesquisa-home-ofice-24x14.jpg 24w, https:\/\/sjcbancarios.com.br\/site\/wp-content\/uploads\/2020\/08\/pesquisa-home-ofice-36x20.jpg 36w, https:\/\/sjcbancarios.com.br\/site\/wp-content\/uploads\/2020\/08\/pesquisa-home-ofice-48x27.jpg 48w, https:\/\/sjcbancarios.com.br\/site\/wp-content\/uploads\/2020\/08\/pesquisa-home-ofice-scaled.jpg 1048w\" sizes=\"(max-width: 450px) 100vw, 450px\" \/><\/p>\n<p style=\"text-align: justify;\"><span style=\"font-family: arial, helvetica, sans-serif;\">A pesquisa foi feita pelo Departamento Intersindical de Estudos e Estat\u00edsticas Socioecon\u00f4micas (Dieese), com cerca de 11 mil banc\u00e1ri@s que estavam em teletrabalho. Dentre os n\u00fameros apontados, apenas 19% disseram ter espa\u00e7o apropriado para o trabalho em suas casas e quase 50% dos consultados responderam que utilizam a sala de suas casas como escrit\u00f3rios e 5% responderam ainda, que a cozinha \u00e9 utilizada no teletrabalho.<\/span><\/p>\n<p style=\"text-align: justify;\"><strong><span style=\"font-family: arial, helvetica, sans-serif;\">Pr\u00f3xima reuni\u00e3o<\/span><\/strong><\/p>\n<p style=\"text-align: justify;\"><span style=\"font-family: arial, helvetica, sans-serif;\">O tema do Teletrabalho ser\u00e1 retomado durante as negocia\u00e7\u00f5es entre o Comando e a Fenaban. A pr\u00f3xima reuni\u00e3o da rodada de negocia\u00e7\u00e3o est\u00e1 programada para quinta-feira (6), a partir das 14h, com o tema Emprego.<\/span><\/p>\n<p style=\"text-align: justify;\">\u00a0<\/p>\n<p style=\"text-align: justify;\">Fonte: Federa\u00e7\u00e3o de SPMS<\/p>\n","protected":false},"excerpt":{"rendered":"<p class=\"excerpt\">Na ultima ter\u00e7a-feira, dia 04, teve in\u00edcio a primeira rodada de negocia\u00e7\u00e3o da Campanha Nacional dos banc\u00e1rios. O tema Teletrabalho foi debatido pelo Comando Nacional e a Federa\u00e7\u00e3o Nacional dos Bancos (Fenaban). A necessidade dos banc\u00e1rios foi evidenciada pelo Comando durante a apresenta\u00e7\u00e3o da pesquisa realizada com a categoria, que demonstrou entre as principais reivindica\u00e7\u00f5es, [&hellip;]<\/p>\n","protected":false},"author":2,"featured_media":12791,"comment_status":"closed","ping_status":"closed","sticky":false,"template":"","format":"standard","meta":{"_et_pb_use_builder":"","_et_pb_old_content":"","_et_gb_content_width":"","footnotes":""},"categories":[13],"tags":[],"class_list":["post-12789","post","type-post","status-publish","format-standard","has-post-thumbnail","hentry","category-noticias"],"_links":{"self":[{"href":"https:\/\/sjcbancarios.com.br\/site\/wp-json\/wp\/v2\/posts\/12789","targetHints":{"allow":["GET"]}}],"collection":[{"href":"https:\/\/sjcbancarios.com.br\/site\/wp-json\/wp\/v2\/posts"}],"about":[{"href":"https:\/\/sjcbancarios.com.br\/site\/wp-json\/wp\/v2\/types\/post"}],"author":[{"embeddable":true,"href":"https:\/\/sjcbancarios.com.br\/site\/wp-json\/wp\/v2\/users\/2"}],"replies":[{"embeddable":true,"href":"https:\/\/sjcbancarios.com.br\/site\/wp-json\/wp\/v2\/comments?post=12789"}],"version-history":[{"count":0,"href":"https:\/\/sjcbancarios.com.br\/site\/wp-json\/wp\/v2\/posts\/12789\/revisions"}],"wp:featuredmedia":[{"embeddable":true,"href":"https:\/\/sjcbancarios.com.br\/site\/wp-json\/wp\/v2\/media\/12791"}],"wp:attachment":[{"href":"https:\/\/sjcbancarios.com.br\/site\/wp-json\/wp\/v2\/media?parent=12789"}],"wp:term":[{"taxonomy":"category","embeddable":true,"href":"https:\/\/sjcbancarios.com.br\/site\/wp-json\/wp\/v2\/categories?post=12789"},{"taxonomy":"post_tag","embeddable":true,"href":"https:\/\/sjcbancarios.com.br\/site\/wp-json\/wp\/v2\/tags?post=12789"}],"curies":[{"name":"wp","href":"https:\/\/api.w.org\/{rel}","templated":true}]}}