{"id":12781,"date":"2020-07-30T11:32:59","date_gmt":"2020-07-30T14:32:59","guid":{"rendered":"https:\/\/sjcbancarios.com.br\/site\/?p=12781"},"modified":"2020-08-05T07:13:32","modified_gmt":"2020-08-05T10:13:32","slug":"assembleia-virtual-dos-funcionarios-do-banco-do-brasil","status":"publish","type":"post","link":"https:\/\/sjcbancarios.com.br\/site\/noticias\/assembleia-virtual-dos-funcionarios-do-banco-do-brasil\/","title":{"rendered":"ATEN\u00c7\u00c3O \u00c9 HOJE!! Assembleia Virtual dos Funcion\u00e1rios do Banco do Brasil"},"content":{"rendered":"<p style=\"text-align: justify;\">O Sindicato realiza hoje, dia 03, assembleia virtual com os funcion\u00e1rios do Banco do Brasil, para referendar a pauta de reivindica\u00e7\u00f5es da Campanha Nacional 2020, aprovada no XLVIII Encontro Nacional de Dirigentes Sindicais Banc\u00e1rios e Securit\u00e1rios, realizado dia 21 de Julho.<\/p>\n<p><a href=\"https:\/\/sjcbancarios.com.br\/site\/noticias\/assembleia-geral-extraordinaria-banco-do-brasil\/\">Edital de Convoca\u00e7\u00e3o Assembleia Geral Extraordin\u00e1ria do Banco do Brasil <\/a><\/p>\n<p style=\"text-align: justify;\">A assembleia ser\u00e1 realizada pela primeira vez de forma virtual, pelo site do Sindicato, com in\u00edcio \u00e0s 18h de hoje, dia 03 e se estende at\u00e9 \u00e0s 22 horas de amanh\u00e3 dia 04.<\/p>\n<p><a href=\"https:\/\/forms.gle\/XPcjFz6WfSWCiNVY8\">VOTE AQUI<\/a><\/p>\n<p style=\"text-align: justify;\">Realizado pela primeira vez de forma digital, o XLVIII Encontro Nacional 2020, definiu reajuste do sal\u00e1rio e de todas as verbas de natureza salarial conforme o INPC do per\u00edodo de 01\/09\/2020 a 31\/08\/2021, acrescido de 5% (cinco por cento) de aumento. A atual CCT tem vig\u00eancia at\u00e9 o pr\u00f3ximo dia 31 de agosto; a data-base da categoria \u00e9 1\u00ba de setembro.<\/p>\n<p style=\"text-align: justify;\">Outras pautas aprovadas:<\/p>\n<p style=\"text-align: justify;\"><strong>Mesa \u00fanica e CCT<\/strong><\/p>\n<p style=\"text-align: justify;\">Manuten\u00e7\u00e3o da mesa \u00fanica de negocia\u00e7\u00e3o com a Fenaban com a participa\u00e7\u00e3o dos bancos p\u00fablicos.<\/p>\n<p style=\"text-align: justify;\">Renova\u00e7\u00e3o da CCT e do ACT do BB.<\/p>\n<p style=\"text-align: justify;\"><strong>Defesa do BB<\/strong><\/p>\n<p style=\"text-align: justify;\">Defesa da manuten\u00e7\u00e3o do BB p\u00fablico.<\/p>\n<p style=\"text-align: justify;\">Constru\u00e7\u00e3o de campanha em defesa do BB.<\/p>\n<p style=\"text-align: justify;\">Constru\u00e7\u00e3o de frente ampla (parlamentares e sociedade) em defesa do BB.<\/p>\n<p style=\"text-align: justify;\"><strong>Previ<\/strong><\/p>\n<p style=\"text-align: justify;\">Defesa a Previ e da sua sustentabilidade.<\/p>\n<p style=\"text-align: justify;\"><strong>Cassi<\/strong><\/p>\n<p style=\"text-align: justify;\">Defesa da Cassi: ampliar o programa Estrat\u00e9gia de Sa\u00fade da Fam\u00edlia.<\/p>\n<p><a href=\"https:\/\/sjcbancarios.com.br\/site\/acordo-coletivo\/banco-do-brasil-convencao\/\">Acesse a minuta de reivindica\u00e7\u00e3o completa<\/a><\/p>\n<p>&nbsp;<\/p>\n","protected":false},"excerpt":{"rendered":"<p class=\"excerpt\">O Sindicato realiza hoje, dia 03, assembleia virtual com os funcion\u00e1rios do Banco do Brasil, para referendar a pauta de reivindica\u00e7\u00f5es da Campanha Nacional 2020, aprovada no XLVIII Encontro Nacional de Dirigentes Sindicais Banc\u00e1rios e Securit\u00e1rios, realizado dia 21 de Julho. Edital de Convoca\u00e7\u00e3o Assembleia Geral Extraordin\u00e1ria do Banco do Brasil A assembleia ser\u00e1 realizada [&hellip;]<\/p>\n","protected":false},"author":2,"featured_media":12782,"comment_status":"closed","ping_status":"closed","sticky":false,"template":"","format":"standard","meta":{"_et_pb_use_builder":"","_et_pb_old_content":"","_et_gb_content_width":"","footnotes":""},"categories":[13],"tags":[],"class_list":["post-12781","post","type-post","status-publish","format-standard","has-post-thumbnail","hentry","category-noticias"],"_links":{"self":[{"href":"https:\/\/sjcbancarios.com.br\/site\/wp-json\/wp\/v2\/posts\/12781","targetHints":{"allow":["GET"]}}],"collection":[{"href":"https:\/\/sjcbancarios.com.br\/site\/wp-json\/wp\/v2\/posts"}],"about":[{"href":"https:\/\/sjcbancarios.com.br\/site\/wp-json\/wp\/v2\/types\/post"}],"author":[{"embeddable":true,"href":"https:\/\/sjcbancarios.com.br\/site\/wp-json\/wp\/v2\/users\/2"}],"replies":[{"embeddable":true,"href":"https:\/\/sjcbancarios.com.br\/site\/wp-json\/wp\/v2\/comments?post=12781"}],"version-history":[{"count":0,"href":"https:\/\/sjcbancarios.com.br\/site\/wp-json\/wp\/v2\/posts\/12781\/revisions"}],"wp:featuredmedia":[{"embeddable":true,"href":"https:\/\/sjcbancarios.com.br\/site\/wp-json\/wp\/v2\/media\/12782"}],"wp:attachment":[{"href":"https:\/\/sjcbancarios.com.br\/site\/wp-json\/wp\/v2\/media?parent=12781"}],"wp:term":[{"taxonomy":"category","embeddable":true,"href":"https:\/\/sjcbancarios.com.br\/site\/wp-json\/wp\/v2\/categories?post=12781"},{"taxonomy":"post_tag","embeddable":true,"href":"https:\/\/sjcbancarios.com.br\/site\/wp-json\/wp\/v2\/tags?post=12781"}],"curies":[{"name":"wp","href":"https:\/\/api.w.org\/{rel}","templated":true}]}}