{"id":12699,"date":"2020-07-22T12:07:34","date_gmt":"2020-07-22T15:07:34","guid":{"rendered":"https:\/\/sjcbancarios.com.br\/site\/?p=12699"},"modified":"2020-07-23T12:09:50","modified_gmt":"2020-07-23T15:09:50","slug":"enquanto-9-milhoes-tem-salario-cortado-deputados-e-senadores-recebem-antecipacao-de-metade-do-13o","status":"publish","type":"post","link":"https:\/\/sjcbancarios.com.br\/site\/noticias\/enquanto-9-milhoes-tem-salario-cortado-deputados-e-senadores-recebem-antecipacao-de-metade-do-13o\/","title":{"rendered":"Enquanto 9 milh\u00f5es t\u00eam sal\u00e1rio cortado, deputados e senadores recebem antecipa\u00e7\u00e3o de metade do 13\u00ba"},"content":{"rendered":"<p>Eles que lutem Enquanto 9,3 milh\u00f5es de trabalhadores da iniciativa privada tiveram sal\u00e1rios suspensos ou reduzidos em at\u00e9 75%, os deputados e senadores n\u00e3o t\u00eam do que reclamar. A divulga\u00e7\u00e3o da folha de pagamento de junho mostra que cada um deles recebeu R$ 50 mil bruto. Trata-se da soma da remunera\u00e7\u00e3o mensal mais a antecipa\u00e7\u00e3o de metade da gratifica\u00e7\u00e3o natalina, pr\u00e1tica exercida pelo Congresso todos os anos. Nenhum benef\u00edcio dos parlamentares sofreu altera\u00e7\u00e3o durante a pandemia.<\/p>\n<p>Igual Entre as mordomias mantidas est\u00e3o a verba mensal de gabinete, de R$ 111 mil, e o cot\u00e3o, que vai de R$ 30,7 mil a R$ 45,6 mil, para gastos com alimenta\u00e7\u00e3o, transporte etc.<\/p>\n<p>Passo atr\u00e1s O presidente da C\u00e2mara, Rodrigo Maia (DEM-RJ), chegou a se dizer aberto a um di\u00e1logo sobre redu\u00e7\u00e3o de sal\u00e1rios e verbas do funcionalismo que atingisse os tr\u00eas Poderes, mas acabou recuando ap\u00f3s Paulo Guedes (Economia) se manifestar contr\u00e1rio ao corte nos vencimentos dos servidores p\u00fablicos.<\/p>\n<p>N\u00e3o mexe No m\u00eas passado, o Supremo Tribunal Federal decidiu que o Executivo n\u00e3o pode reduzir o repasse de verbas aos poderes Legislativo e Judici\u00e1rio em tempos de crise financeira.<\/p>\n<p>Na rua O deputado Paulo Teixeira (PT-SP) come\u00e7ou h\u00e1 duas semanas a recolher assinaturas para a PEC que altera a composi\u00e7\u00e3o do Conselho Nacional do Minist\u00e9rio P\u00fablico. Como mostrou o Painel, o texto d\u00e1 mais uma cadeira para indica\u00e7\u00e3o do Legislativo e coloca press\u00e3o no \u00f3rg\u00e3o para punir Deltan Dallagnol. A proposta tem 41 assinaturas at\u00e9 agora e precisa de 171.<\/p>\n<p>Veja bem Orlando Silva (PC do B-SP) se irritou com o levantamento do Ranking dos Pol\u00edticos, que apontou que os parlamentares da sua legenda foram os que mais usaram, proporcionalmente, a cota de gastos e o Novo, o que menos usou. \u201cEssa bancada, criticada, teve 6 dos 9 entre as cabe\u00e7as do Congresso. E o Novo? Quantos? N\u00f3s trabalhamos muito!\u201d, disse.<\/p>\n<p>Fonte: Folha SP \/ Contec<\/p>\n","protected":false},"excerpt":{"rendered":"<p class=\"excerpt\">Eles que lutem Enquanto 9,3 milh\u00f5es de trabalhadores da iniciativa privada tiveram sal\u00e1rios suspensos ou reduzidos em at\u00e9 75%, os deputados e senadores n\u00e3o t\u00eam do que reclamar. A divulga\u00e7\u00e3o da folha de pagamento de junho mostra que cada um deles recebeu R$ 50 mil bruto. Trata-se da soma da remunera\u00e7\u00e3o mensal mais a antecipa\u00e7\u00e3o [&hellip;]<\/p>\n","protected":false},"author":2,"featured_media":12700,"comment_status":"closed","ping_status":"closed","sticky":false,"template":"","format":"standard","meta":{"_et_pb_use_builder":"","_et_pb_old_content":"","_et_gb_content_width":"","footnotes":""},"categories":[13],"tags":[],"class_list":["post-12699","post","type-post","status-publish","format-standard","has-post-thumbnail","hentry","category-noticias"],"_links":{"self":[{"href":"https:\/\/sjcbancarios.com.br\/site\/wp-json\/wp\/v2\/posts\/12699","targetHints":{"allow":["GET"]}}],"collection":[{"href":"https:\/\/sjcbancarios.com.br\/site\/wp-json\/wp\/v2\/posts"}],"about":[{"href":"https:\/\/sjcbancarios.com.br\/site\/wp-json\/wp\/v2\/types\/post"}],"author":[{"embeddable":true,"href":"https:\/\/sjcbancarios.com.br\/site\/wp-json\/wp\/v2\/users\/2"}],"replies":[{"embeddable":true,"href":"https:\/\/sjcbancarios.com.br\/site\/wp-json\/wp\/v2\/comments?post=12699"}],"version-history":[{"count":0,"href":"https:\/\/sjcbancarios.com.br\/site\/wp-json\/wp\/v2\/posts\/12699\/revisions"}],"wp:featuredmedia":[{"embeddable":true,"href":"https:\/\/sjcbancarios.com.br\/site\/wp-json\/wp\/v2\/media\/12700"}],"wp:attachment":[{"href":"https:\/\/sjcbancarios.com.br\/site\/wp-json\/wp\/v2\/media?parent=12699"}],"wp:term":[{"taxonomy":"category","embeddable":true,"href":"https:\/\/sjcbancarios.com.br\/site\/wp-json\/wp\/v2\/categories?post=12699"},{"taxonomy":"post_tag","embeddable":true,"href":"https:\/\/sjcbancarios.com.br\/site\/wp-json\/wp\/v2\/tags?post=12699"}],"curies":[{"name":"wp","href":"https:\/\/api.w.org\/{rel}","templated":true}]}}