{"id":12676,"date":"2020-07-20T17:48:04","date_gmt":"2020-07-20T20:48:04","guid":{"rendered":"https:\/\/sjcbancarios.com.br\/site\/?p=12676"},"modified":"2020-07-29T12:35:04","modified_gmt":"2020-07-29T15:35:04","slug":"assembleia-virtual-hoje-e-amanha-vota-pauta-de-reivindicacoes-da-campanha","status":"publish","type":"post","link":"https:\/\/sjcbancarios.com.br\/site\/noticias\/assembleia-virtual-hoje-e-amanha-vota-pauta-de-reivindicacoes-da-campanha\/","title":{"rendered":"Assembleia virtual, hoje e amanh\u00e3, vota pauta de reivindica\u00e7\u00f5es da Campanha"},"content":{"rendered":"<p>O Sindicato realiza assembleia virtual com os banc\u00e1rios de Bancos Privados, para votar a pauta de reivindica\u00e7\u00f5es da Campanha Nacional, aprovada pela 22\u00aa Confer\u00eancia dos Banc\u00e1rios realizada na \u00faltima final de semana (dias 17 e 18), por videoconfer\u00eancia.<\/p>\n<p><a href=\"https:\/\/sjcbancarios.com.br\/site\/acordo-coletivo\/bancos-privados\/\">Minuta de Reivindica\u00e7\u00e3o dos Banc\u00e1rios 2020<\/a><\/p>\n<p>A assembleia, que ser\u00e1 via site do Sindicato, come\u00e7a \u00e0s 18h de hoje (20) e se estende at\u00e9 \u00e0s 22 horas de amanh\u00e3 (21). Na quinta-feira (23), o Comando Nacional dos Banc\u00e1rios entrega a pauta \u00e0 Fenaban (Federa\u00e7\u00e3o Nacional dos Bancos).<\/p>\n<p>\u00a0<a href=\"https:\/\/forms.gle\/vp2D45CC4UcdzoBk9\">VOTE ASSEMBLEIA VIRTUAL BANCOS PRIVADOS<\/a><\/p>\n<p><img loading=\"lazy\" decoding=\"async\" class=\"alignnone size-medium wp-image-12680\" src=\"https:\/\/sjcbancarios.com.br\/site\/wp-content\/uploads\/2020\/07\/CONFERENCIA-NACIONAL-450x253.jpeg\" alt=\"\" width=\"450\" height=\"253\" srcset=\"https:\/\/sjcbancarios.com.br\/site\/wp-content\/uploads\/2020\/07\/CONFERENCIA-NACIONAL-450x253.jpeg 450w, https:\/\/sjcbancarios.com.br\/site\/wp-content\/uploads\/2020\/07\/CONFERENCIA-NACIONAL-1024x576.jpeg 1024w, https:\/\/sjcbancarios.com.br\/site\/wp-content\/uploads\/2020\/07\/CONFERENCIA-NACIONAL-768x432.jpeg 768w, https:\/\/sjcbancarios.com.br\/site\/wp-content\/uploads\/2020\/07\/CONFERENCIA-NACIONAL-24x14.jpeg 24w, https:\/\/sjcbancarios.com.br\/site\/wp-content\/uploads\/2020\/07\/CONFERENCIA-NACIONAL-36x20.jpeg 36w, https:\/\/sjcbancarios.com.br\/site\/wp-content\/uploads\/2020\/07\/CONFERENCIA-NACIONAL-48x27.jpeg 48w, https:\/\/sjcbancarios.com.br\/site\/wp-content\/uploads\/2020\/07\/CONFERENCIA-NACIONAL-scaled.jpeg 1048w\" sizes=\"(max-width: 450px) 100vw, 450px\" \/><\/p>\n<p style=\"text-align: justify;\">Realizada pela primeira vez de forma digital, a 22\u00aa Confer\u00eancia definiu reajuste salarial equivalente a reposi\u00e7\u00e3o da infla\u00e7\u00e3o registrada no per\u00edodo de setembro de 2019 a agosto deste ano, mais 5% de aumento real. E mais: ser\u00e1 proposto aos bancos uma cl\u00e1usula na Conven\u00e7\u00e3o Coletiva de Trabalho (CCT) para regular o teletrabalho (home office), intensificado durante a pandemia do novo coronav\u00edrus. A atual CCT tem vig\u00eancia at\u00e9 o pr\u00f3ximo dia 31 de agosto; a data-base da categoria \u00e9 1\u00ba de setembro.<\/p>\n<p style=\"text-align: justify;\">A 22\u00aa Confer\u00eancia definiu tamb\u00e9m combate \u00e0s metas abusivas, manuten\u00e7\u00e3o dos empregos e dos direitos e Participa\u00e7\u00e3o nos Lucros e Resultados (PLR). A abertura da Confer\u00eancia ocorreu na sexta-feira, dia 17. A diretora D\u00e9bora Ferreira Machado, representou o Sindicato na confer\u00eancia.<\/p>\n<p style=\"text-align: justify;\"><strong>Home Office: <\/strong>A cl\u00e1usula da CCT deve contemplar os seguintes pontos: o trabalho n\u00e3o pode ser imposto aos banc\u00e1rios; os custos do teletrabalho devem ser arcados pelos bancos; e fornecimento de equipamentos de trabalho e ergon\u00f4micos. Al\u00e9m disso, proibida a retirada de direitos dos banc\u00e1rios que desempenharem as fun\u00e7\u00f5es em suas casas, \u00e0 exce\u00e7\u00e3o do vale-transporte\/combust\u00edvel, que deve ser fornecido proporcional aos dias de trabalho presencial nos bancos; e trabalho nos bancos uma vez por semana, no m\u00ednimo.<\/p>\n<p style=\"text-align: justify;\"><strong>Mo\u00e7\u00f5es:<\/strong> 1) solidariedade \u00e0s fam\u00edlias das v\u00edtimas da Covid-19; 2) contra o racismo estrutural e pelo fim da viol\u00eancia policial; 3) rep\u00fadio \u00e0 postura do Banco Santander, que promove demiss\u00f5es durante a pandemia; 4) apoio ao meio ambiente; e 5) apoio aos povos ind\u00edgenas e aos quilombolas.<\/p>\n<p style=\"text-align: justify;\"><strong>Resolu\u00e7\u00f5es:<\/strong> 1) defesa dos bancos p\u00fablicos; 2) engajamento dos dirigentes sindicais e militantes nas elei\u00e7\u00f5es municipais deste ano; e 3) Fora Bolsonaro.<\/p>\n<p style=\"text-align: justify;\"><strong>\u00a0FONTE: Federa\u00e7\u00e3o SPMS<\/strong><\/p>\n","protected":false},"excerpt":{"rendered":"<p class=\"excerpt\">O Sindicato realiza assembleia virtual com os banc\u00e1rios de Bancos Privados, para votar a pauta de reivindica\u00e7\u00f5es da Campanha Nacional, aprovada pela 22\u00aa Confer\u00eancia dos Banc\u00e1rios realizada na \u00faltima final de semana (dias 17 e 18), por videoconfer\u00eancia. Minuta de Reivindica\u00e7\u00e3o dos Banc\u00e1rios 2020 A assembleia, que ser\u00e1 via site do Sindicato, come\u00e7a \u00e0s 18h [&hellip;]<\/p>\n","protected":false},"author":2,"featured_media":12677,"comment_status":"closed","ping_status":"closed","sticky":false,"template":"","format":"standard","meta":{"_et_pb_use_builder":"","_et_pb_old_content":"","_et_gb_content_width":"","footnotes":""},"categories":[13],"tags":[],"class_list":["post-12676","post","type-post","status-publish","format-standard","has-post-thumbnail","hentry","category-noticias"],"_links":{"self":[{"href":"https:\/\/sjcbancarios.com.br\/site\/wp-json\/wp\/v2\/posts\/12676","targetHints":{"allow":["GET"]}}],"collection":[{"href":"https:\/\/sjcbancarios.com.br\/site\/wp-json\/wp\/v2\/posts"}],"about":[{"href":"https:\/\/sjcbancarios.com.br\/site\/wp-json\/wp\/v2\/types\/post"}],"author":[{"embeddable":true,"href":"https:\/\/sjcbancarios.com.br\/site\/wp-json\/wp\/v2\/users\/2"}],"replies":[{"embeddable":true,"href":"https:\/\/sjcbancarios.com.br\/site\/wp-json\/wp\/v2\/comments?post=12676"}],"version-history":[{"count":0,"href":"https:\/\/sjcbancarios.com.br\/site\/wp-json\/wp\/v2\/posts\/12676\/revisions"}],"wp:featuredmedia":[{"embeddable":true,"href":"https:\/\/sjcbancarios.com.br\/site\/wp-json\/wp\/v2\/media\/12677"}],"wp:attachment":[{"href":"https:\/\/sjcbancarios.com.br\/site\/wp-json\/wp\/v2\/media?parent=12676"}],"wp:term":[{"taxonomy":"category","embeddable":true,"href":"https:\/\/sjcbancarios.com.br\/site\/wp-json\/wp\/v2\/categories?post=12676"},{"taxonomy":"post_tag","embeddable":true,"href":"https:\/\/sjcbancarios.com.br\/site\/wp-json\/wp\/v2\/tags?post=12676"}],"curies":[{"name":"wp","href":"https:\/\/api.w.org\/{rel}","templated":true}]}}