{"id":12652,"date":"2020-07-17T18:50:14","date_gmt":"2020-07-17T21:50:14","guid":{"rendered":"https:\/\/sjcbancarios.com.br\/site\/?p=12652"},"modified":"2020-07-20T11:42:56","modified_gmt":"2020-07-20T14:42:56","slug":"sindicatos-debatem-pauta-da-categoria-na-22a-conferencia-nacional","status":"publish","type":"post","link":"https:\/\/sjcbancarios.com.br\/site\/noticias\/sindicatos-debatem-pauta-da-categoria-na-22a-conferencia-nacional\/","title":{"rendered":"Sindicatos debatem pauta da categoria na 22\u00aa Confer\u00eancia Nacional"},"content":{"rendered":"<p style=\"text-align: justify;\">Um dos passos mais importantes da Campanha Nacional dos Banc\u00e1rios 2020, a 22\u00aa Confer\u00eancia Nacional dos Banc\u00e1rios ser\u00e1 realizada nesta sexta-feira 17 (abertura solene) e no s\u00e1bado 18. O evento re\u00fane delegados banc\u00e1rios de todo o pa\u00eds, de bancos p\u00fablicos e privados, e aprova a pauta de reivindica\u00e7\u00f5es da categoria, a ser negociada com a Fenaban (Federa\u00e7\u00e3o dos Bancos) para a renova\u00e7\u00e3o da Conven\u00e7\u00e3o Coletiva de Trabalho (CCT) dos banc\u00e1rios.<\/p>\n<p style=\"text-align: justify;\">Por conta da pandemia de coronav\u00edrus e da necessidade de manter sempre que poss\u00edvel o isolamento social, este ano, pela primeira vez na hist\u00f3ria, a Confer\u00eancia ser\u00e1 realizada de forma virtual, com transmiss\u00e3o ao vivo de sua cerim\u00f4nia de abertura pelas redes sociais.<\/p>\n<p style=\"text-align: justify;\">A abertura inicia \u00e0s 18h20 e contar\u00e1 com as presen\u00e7as do ex-presidente Luiz In\u00e1cio Lula da Silva, do governador do Maranh\u00e3o, Flavio Dino, e do coordenador nacional do Movimento dos Trabalhadores Sem Teto, Guilherme Boulos. As atividades continuam no s\u00e1bado, a partir das 9h (veja programa\u00e7\u00e3o completa abaixo).<\/p>\n","protected":false},"excerpt":{"rendered":"<p class=\"excerpt\">Um dos passos mais importantes da Campanha Nacional dos Banc\u00e1rios 2020, a 22\u00aa Confer\u00eancia Nacional dos Banc\u00e1rios ser\u00e1 realizada nesta sexta-feira 17 (abertura solene) e no s\u00e1bado 18. O evento re\u00fane delegados banc\u00e1rios de todo o pa\u00eds, de bancos p\u00fablicos e privados, e aprova a pauta de reivindica\u00e7\u00f5es da categoria, a ser negociada com a [&hellip;]<\/p>\n","protected":false},"author":2,"featured_media":12653,"comment_status":"closed","ping_status":"closed","sticky":false,"template":"","format":"standard","meta":{"_et_pb_use_builder":"","_et_pb_old_content":"","_et_gb_content_width":"","footnotes":""},"categories":[13],"tags":[],"class_list":["post-12652","post","type-post","status-publish","format-standard","has-post-thumbnail","hentry","category-noticias"],"_links":{"self":[{"href":"https:\/\/sjcbancarios.com.br\/site\/wp-json\/wp\/v2\/posts\/12652","targetHints":{"allow":["GET"]}}],"collection":[{"href":"https:\/\/sjcbancarios.com.br\/site\/wp-json\/wp\/v2\/posts"}],"about":[{"href":"https:\/\/sjcbancarios.com.br\/site\/wp-json\/wp\/v2\/types\/post"}],"author":[{"embeddable":true,"href":"https:\/\/sjcbancarios.com.br\/site\/wp-json\/wp\/v2\/users\/2"}],"replies":[{"embeddable":true,"href":"https:\/\/sjcbancarios.com.br\/site\/wp-json\/wp\/v2\/comments?post=12652"}],"version-history":[{"count":0,"href":"https:\/\/sjcbancarios.com.br\/site\/wp-json\/wp\/v2\/posts\/12652\/revisions"}],"wp:featuredmedia":[{"embeddable":true,"href":"https:\/\/sjcbancarios.com.br\/site\/wp-json\/wp\/v2\/media\/12653"}],"wp:attachment":[{"href":"https:\/\/sjcbancarios.com.br\/site\/wp-json\/wp\/v2\/media?parent=12652"}],"wp:term":[{"taxonomy":"category","embeddable":true,"href":"https:\/\/sjcbancarios.com.br\/site\/wp-json\/wp\/v2\/categories?post=12652"},{"taxonomy":"post_tag","embeddable":true,"href":"https:\/\/sjcbancarios.com.br\/site\/wp-json\/wp\/v2\/tags?post=12652"}],"curies":[{"name":"wp","href":"https:\/\/api.w.org\/{rel}","templated":true}]}}