{"id":12513,"date":"2020-07-02T11:36:21","date_gmt":"2020-07-02T14:36:21","guid":{"rendered":"http:\/\/sjcbancarios.com.br\/site\/?p=12513"},"modified":"2020-07-02T11:36:21","modified_gmt":"2020-07-02T14:36:21","slug":"bolsonaro-prorroga-auxilio-emergencial-por-dois-meses","status":"publish","type":"post","link":"https:\/\/sjcbancarios.com.br\/site\/noticias\/bolsonaro-prorroga-auxilio-emergencial-por-dois-meses\/","title":{"rendered":"Bolsonaro prorroga Aux\u00edlio Emergencial por dois meses"},"content":{"rendered":"<p><strong>Decreto foi publicado no Di\u00e1rio Oficial da Uni\u00e3o na madrugada desta quarta-feira (1\u00ba)<\/strong><\/p>\n<p>O presidente Jair Bolsonaro prorrogou por mais dois meses o Aux\u00edlio Emergencial, destinado a trabalhadores informais e benefici\u00e1rios do Bolsa Fam\u00edlia. O decreto 10.412 foi publicado na edi\u00e7\u00e3o desta quarta-feira (1\u00ba) do Di\u00e1rio Oficial da Uni\u00e3o (DOU).<\/p>\n<p>Na ter\u00e7a (30), o ministro da Economia, Paulo Guedes, antecipou a prorroga\u00e7\u00e3o da ajuda do governo. Segundo Guedes, a proposta \u00e9 que sejam pagas mais quatro parcelas em dois meses, que somar\u00e3o R$ 600 por m\u00eas, totalizando R$ 1,2 mil.<\/p>\n<p><strong>O pagamento dever\u00e1 ser feito da seguinte maneira, segundo o ministro:<\/strong><\/p>\n<p>R$ 500 no in\u00edcio do m\u00eas;<br \/>\nR$ 100 no fim do m\u00eas;<br \/>\nR$ 300 no in\u00edcio do m\u00eas;<br \/>\nR$ 300 no fim do m\u00eas.<\/p>\n<p>O decreto, no entanto, n\u00e3o especifica se ser\u00e1 essa a f\u00f3rmula antecipada pelo ministro ou simplesmente se o governo ir\u00e1 pagar duas parcelas de R$ 600.<\/p>\n<p>O an\u00fancio foi feito em uma cerim\u00f4nia no Pal\u00e1cio do Planalto, da qual participaram o presidente Jair Bolsonaro, ministros do governo, os presidentes da C\u00e2mara, Rodrigo Maia (DEM-RJ), e do Senado, Davi Alcolumbre (DEM-AP), al\u00e9m de parlamentares e convidados (saiba mais abaixo como foram os discursos).<\/p>\n<p>Na cerim\u00f4nia, Bolsonaro assinou um decreto sobre a prorroga\u00e7\u00e3o do pagamento.<\/p>\n<p>Ap\u00f3s o evento, o presidente da Caixa Econ\u00f4mica Federal, Pedro Guimar\u00e3es, disse que o cronograma de pagamento das novas parcelas ainda ser\u00e1 divulgado. Segundo ele, o calend\u00e1rio est\u00e1 pronto, mas falta autoriza\u00e7\u00e3o do ministro Paulo Guedes para anunciar.<\/p>\n<p><strong>Aux\u00edlio emergencial<\/strong><br \/>\nO aux\u00edlio emergencial foi criado em abril, por meio de uma lei aprovada pelo Congresso Nacional e sancionada por Bolsonaro. A previs\u00e3o inicial era que o aux\u00edlio fosse pago por tr\u00eas meses, mas a lei deu a possibilidade de prorroga\u00e7\u00e3o do benef\u00edcio.<\/p>\n<p>O texto enviado pelo governo ao Congresso previa que o aux\u00edlio fosse de R$ 200, mas o texto aprovado pelo Congresso passou o valor da parcela para R$ 600.<\/p>\n<p><strong>Prorroga\u00e7\u00e3o<\/strong><br \/>\nNa semana passada, Bolsonaro fez uma transmiss\u00e3o ao vivo na qual disse que a \u201cideia\u201d do governo era pagar mais tr\u00eas parcelas do aux\u00edlio (R$ 500, R$ 400 e R$ 300). No Congresso, por\u00e9m, parlamentares vinham defendendo manter o valor de R$ 600 e pagar mais duas parcelas.<\/p>\n<p>Mais cedo, nesta ter\u00e7a, a colunista do G1 e da GloboNews Ana Flor informou que o governo havia decidido aceitar a proposta do Congresso e pagar mais duas parcelas, de R$ 600 cada (veja os detalhes no v\u00eddeo abaixo).<\/p>\n<p>Segundo o Minist\u00e9rio da Economia, cada parcela do aux\u00edlio custa por m\u00eas cerca de R$ 50 bilh\u00f5es.<\/p>\n<p>De acordo com Paulo Guedes, o programa j\u00e1 beneficiou 60 milh\u00f5es de pessoas.<\/p>\n<p>Guedes afirmou ainda que os dados mostram que o \u201cfundo do po\u00e7o\u201d da crise econ\u00f4mica provocada pela pandemia foi o m\u00eas de abril.<\/p>\n<p>Fonte: G1 \/ Contec<\/p>\n","protected":false},"excerpt":{"rendered":"<p class=\"excerpt\">Decreto foi publicado no Di\u00e1rio Oficial da Uni\u00e3o na madrugada desta quarta-feira (1\u00ba) O presidente Jair Bolsonaro prorrogou por mais dois meses o Aux\u00edlio Emergencial, destinado a trabalhadores informais e benefici\u00e1rios do Bolsa Fam\u00edlia. O decreto 10.412 foi publicado na edi\u00e7\u00e3o desta quarta-feira (1\u00ba) do Di\u00e1rio Oficial da Uni\u00e3o (DOU). Na ter\u00e7a (30), o ministro [&hellip;]<\/p>\n","protected":false},"author":2,"featured_media":12514,"comment_status":"closed","ping_status":"closed","sticky":false,"template":"","format":"standard","meta":{"_et_pb_use_builder":"","_et_pb_old_content":"","_et_gb_content_width":"","footnotes":""},"categories":[13],"tags":[],"class_list":["post-12513","post","type-post","status-publish","format-standard","has-post-thumbnail","hentry","category-noticias"],"_links":{"self":[{"href":"https:\/\/sjcbancarios.com.br\/site\/wp-json\/wp\/v2\/posts\/12513","targetHints":{"allow":["GET"]}}],"collection":[{"href":"https:\/\/sjcbancarios.com.br\/site\/wp-json\/wp\/v2\/posts"}],"about":[{"href":"https:\/\/sjcbancarios.com.br\/site\/wp-json\/wp\/v2\/types\/post"}],"author":[{"embeddable":true,"href":"https:\/\/sjcbancarios.com.br\/site\/wp-json\/wp\/v2\/users\/2"}],"replies":[{"embeddable":true,"href":"https:\/\/sjcbancarios.com.br\/site\/wp-json\/wp\/v2\/comments?post=12513"}],"version-history":[{"count":0,"href":"https:\/\/sjcbancarios.com.br\/site\/wp-json\/wp\/v2\/posts\/12513\/revisions"}],"wp:featuredmedia":[{"embeddable":true,"href":"https:\/\/sjcbancarios.com.br\/site\/wp-json\/wp\/v2\/media\/12514"}],"wp:attachment":[{"href":"https:\/\/sjcbancarios.com.br\/site\/wp-json\/wp\/v2\/media?parent=12513"}],"wp:term":[{"taxonomy":"category","embeddable":true,"href":"https:\/\/sjcbancarios.com.br\/site\/wp-json\/wp\/v2\/categories?post=12513"},{"taxonomy":"post_tag","embeddable":true,"href":"https:\/\/sjcbancarios.com.br\/site\/wp-json\/wp\/v2\/tags?post=12513"}],"curies":[{"name":"wp","href":"https:\/\/api.w.org\/{rel}","templated":true}]}}