{"id":12497,"date":"2020-06-30T15:45:40","date_gmt":"2020-06-30T18:45:40","guid":{"rendered":"http:\/\/sjcbancarios.com.br\/site\/?p=12497"},"modified":"2020-07-03T11:42:19","modified_gmt":"2020-07-03T14:42:19","slug":"sindicatos-preparam-campanha-nacional","status":"publish","type":"post","link":"https:\/\/sjcbancarios.com.br\/site\/noticias\/sindicatos-preparam-campanha-nacional\/","title":{"rendered":"Sindicatos preparam Campanha Nacional"},"content":{"rendered":"<p style=\"text-align: justify;\"><span style=\"font-family: arial, helvetica, sans-serif;\">Reunidos no dia 10 deste m\u00eas de junho, por videoconfer\u00eancia, o Comando Nacional dos Banc\u00e1rios, que representa os sindicatos na mesa de negocia\u00e7\u00e3o com os Bancos (Fenaban) definiu o calend\u00e1rio da Campanha Nacional, momento em que a categoria se mobiliza pela renova\u00e7\u00e3o da Conven\u00e7\u00e3o Coletiva de Trabalho (CCT).<\/span><\/p>\n<p style=\"text-align: justify;\"><span style=\"font-family: arial, helvetica, sans-serif;\">Em prepara\u00e7\u00e3o \u00e0 22\u00aa Confer\u00eancia Nacional dos Banc\u00e1rios, f\u00f3rum onde a categoria decide a pauta de reivindica\u00e7\u00f5es, ser\u00e3o realizadas confer\u00eancias estaduais\/regionais e consulta nacional. Em fun\u00e7\u00e3o da pandemia do novo coronav\u00edrus, todas as atividades ser\u00e3o realizadas por videoconfer\u00eancias. Entre os dias 26 de junho e 4 de julho, confer\u00eancias estaduais; nos dias 17 e 18 de julho, Confer\u00eancia Nacional.<\/span><\/p>\n<p style=\"text-align: justify;\"><span style=\"font-family: arial, helvetica, sans-serif;\">Ultratividade: Caso a Medida Provis\u00f3ria (MP) 936 seja sancionada pelo presidente da Rep\u00fablica, sem veto \u00e0 chamada ultratividade, o calend\u00e1rio de mobiliza\u00e7\u00e3o da categoria poder\u00e1 ser alterado. A vig\u00eancia da atual Conven\u00e7\u00e3o Coletiva de Trabalho (CCT 2018-2020) termina no pr\u00f3ximo dia 31 de agosto. Com a ultratividade em vigor, a CCT poder\u00e1 ser prorrogada at\u00e9 os sindicatos e a Fenaban assinarem um novo instrumento jur\u00eddico, tendo como prazo final o dia 31 de dezembro deste ano, quando termina o \u201cEstado de Calamidade P\u00fablica\u201d, decretado em fun\u00e7\u00e3o da pandemia.<\/span><\/p>\n<p style=\"text-align: justify;\"><span style=\"font-family: arial, helvetica, sans-serif;\">A MP 936, que criou o Programa Emergencial de Manuten\u00e7\u00e3o do Emprego e da Renda, foi aprovada pelo Senado Federal no dia 16 deste m\u00eas de junho. O presidente da Rep\u00fablica tem prazo de 15 dias \u00fateis para sancionar e\/ou vetar a MP.<\/span><\/p>\n<p style=\"text-align: justify;\"><span style=\"font-family: arial, helvetica, sans-serif;\"><strong>Entrega da pauta:<\/strong> O Comando pretende entregar a pauta de reivindica\u00e7\u00f5es no dia 23 de julho, depois de aprovada pela categoria em assembleias virtuais (nos dias 20 e 21 de julho); j\u00e1 o processo de negocia\u00e7\u00e3o com os bancos dever\u00e1 acontecer entre os dias 27 de julho e 20 de agosto. A data-base da categoria, vale lembrar, \u00e9 1\u00ba de setembro.<\/span><\/p>\n<p style=\"text-align: justify;\"><span style=\"font-family: arial, helvetica, sans-serif;\"><strong>Temas da Campanha<\/strong><\/span><\/p>\n<p style=\"text-align: justify;\"><span style=\"font-family: arial, helvetica, sans-serif;\">A bandeira priorit\u00e1ria na Campanha deste ano \u00e9 a defesa do emprego, principalmente neste momento em que o pa\u00eds vive uma crise tripla: sanit\u00e1ria, econ\u00f4mica e pol\u00edtica.<\/span><\/p>\n<p><span style=\"font-family: arial, helvetica, sans-serif;\"><strong>Outras bandeiras da Campanha:<\/strong><\/span><\/p>\n<ul>\n<li><span style=\"font-family: arial, helvetica, sans-serif;\">Sa\u00fade e condi\u00e7\u00f5es de trabalho,<\/span><\/li>\n<li><span style=\"font-family: arial, helvetica, sans-serif;\">Aumento real,<\/span><\/li>\n<li><span style=\"font-family: arial, helvetica, sans-serif;\">PLR,<\/span><\/li>\n<li><span style=\"font-family: arial, helvetica, sans-serif;\">Defesa dos bancos p\u00fablicos e da democracia.<\/span><\/li>\n<\/ul>\n<p>&nbsp;<\/p>\n<p>Fonte: Seeb de Campinas<\/p>\n","protected":false},"excerpt":{"rendered":"<p class=\"excerpt\">Reunidos no dia 10 deste m\u00eas de junho, por videoconfer\u00eancia, o Comando Nacional dos Banc\u00e1rios, que representa os sindicatos na mesa de negocia\u00e7\u00e3o com os Bancos (Fenaban) definiu o calend\u00e1rio da Campanha Nacional, momento em que a categoria se mobiliza pela renova\u00e7\u00e3o da Conven\u00e7\u00e3o Coletiva de Trabalho (CCT). Em prepara\u00e7\u00e3o \u00e0 22\u00aa Confer\u00eancia Nacional dos [&hellip;]<\/p>\n","protected":false},"author":2,"featured_media":12498,"comment_status":"closed","ping_status":"closed","sticky":false,"template":"","format":"standard","meta":{"_et_pb_use_builder":"","_et_pb_old_content":"","_et_gb_content_width":"","footnotes":""},"categories":[13],"tags":[],"class_list":["post-12497","post","type-post","status-publish","format-standard","has-post-thumbnail","hentry","category-noticias"],"_links":{"self":[{"href":"https:\/\/sjcbancarios.com.br\/site\/wp-json\/wp\/v2\/posts\/12497","targetHints":{"allow":["GET"]}}],"collection":[{"href":"https:\/\/sjcbancarios.com.br\/site\/wp-json\/wp\/v2\/posts"}],"about":[{"href":"https:\/\/sjcbancarios.com.br\/site\/wp-json\/wp\/v2\/types\/post"}],"author":[{"embeddable":true,"href":"https:\/\/sjcbancarios.com.br\/site\/wp-json\/wp\/v2\/users\/2"}],"replies":[{"embeddable":true,"href":"https:\/\/sjcbancarios.com.br\/site\/wp-json\/wp\/v2\/comments?post=12497"}],"version-history":[{"count":0,"href":"https:\/\/sjcbancarios.com.br\/site\/wp-json\/wp\/v2\/posts\/12497\/revisions"}],"wp:featuredmedia":[{"embeddable":true,"href":"https:\/\/sjcbancarios.com.br\/site\/wp-json\/wp\/v2\/media\/12498"}],"wp:attachment":[{"href":"https:\/\/sjcbancarios.com.br\/site\/wp-json\/wp\/v2\/media?parent=12497"}],"wp:term":[{"taxonomy":"category","embeddable":true,"href":"https:\/\/sjcbancarios.com.br\/site\/wp-json\/wp\/v2\/categories?post=12497"},{"taxonomy":"post_tag","embeddable":true,"href":"https:\/\/sjcbancarios.com.br\/site\/wp-json\/wp\/v2\/tags?post=12497"}],"curies":[{"name":"wp","href":"https:\/\/api.w.org\/{rel}","templated":true}]}}