{"id":12467,"date":"2020-06-23T12:37:26","date_gmt":"2020-06-23T15:37:26","guid":{"rendered":"http:\/\/sjcbancarios.com.br\/site\/?p=12467"},"modified":"2020-06-23T12:37:26","modified_gmt":"2020-06-23T15:37:26","slug":"covid-19-tira-14-milhao-do-mercado-de-trabalho-por-motivo-de-doenca","status":"publish","type":"post","link":"https:\/\/sjcbancarios.com.br\/site\/noticias\/covid-19-tira-14-milhao-do-mercado-de-trabalho-por-motivo-de-doenca\/","title":{"rendered":"Covid-19 tira 1,4 milh\u00e3o do mercado de trabalho por motivo de doen\u00e7a"},"content":{"rendered":"<p>Alcides Ramos da Silva, desempregado que teve sintomas de Covid-19: suspeita impede busca de nova vaga Foto: Felipe Rau\/Estad\u00e3o<\/p>\n<p>Total de brasileiros que estavam desempregados, mas ficaram impedidos de trabalhar, sobretudo por estarem doentes, saltou de 3,3 milh\u00f5es no trimestre at\u00e9 fevereiro para 4,7 milh\u00f5es at\u00e9 abril (Por Douglas Gavras)<\/p>\n<p>Quando Alcides da Silva, de 52 anos, come\u00e7ou a sentir dores e uma febre alta, ficou desesperado. Tr\u00eas vizinhos em Guaianazes, periferia de S\u00e3o Paulo, haviam morrido ap\u00f3s contrair o novo coronav\u00edrus e, de uma hora para outra, o peso do desemprego que ele carrega h\u00e1 mais de um ano se somou ao medo do coronav\u00edrus. \u201cImagine ver as contas chegando e n\u00e3o poder procurar trabalho. \u00c9 como olhar para os lados e n\u00e3o ver sa\u00edda.\u201d<\/p>\n<p>O auxiliar de limpeza viu suas chances de voltar ao mercado de trabalho ficarem ainda mais distantes quando o primeiro teste de covid-19 que fez deu inconclusivo. Ele precisa ficar em isolamento e tomando rem\u00e9dios. \u201cMinha rotina virou ir ao m\u00e9dico. E quando se chega a uma certa idade, fica cada vez mais dif\u00edcil trabalhar. Recebi duas cestas b\u00e1sicas de um movimento que faz ocupa\u00e7\u00f5es para quem n\u00e3o tem casa. Todo mundo se ajuda, mas o dia seguinte preocupa.\u201d<\/p>\n<p>Silva faz parte de um contingente que cresceu muito com o avan\u00e7o da covid-19: o de pessoas que se tornaram indispon\u00edveis para trabalhar, sobretudo por terem ficado doentes ou tiveram de cuidar de algu\u00e9m doente.<\/p>\n<p>Segundo um levantamento de Marcel Balassiano, pesquisador do Ibre\/FGV, com base nos dados da Pnad Cont\u00ednua, o n\u00famero de brasileiros que estavam desempregados, mas ficaram impedidos de buscar trabalho por problemas pessoais \u2013 sobretudo por estarem doentes \u2013 saltou de 3,3 milh\u00f5es no trimestre at\u00e9 fevereiro para 4,7 milh\u00f5es at\u00e9 abril. S\u00e3o cerca de 1,4 milh\u00e3o de pessoas, um aumento de 45%.<\/p>\n<p>Essa alta \u00e9 bem maior que a do n\u00famero de desalentados, aqueles que deixaram de procurar trabalho por acharem que n\u00e3o iriam encontrar uma nova coloca\u00e7\u00e3o, que cresceu 7% no mesmo per\u00edodo. O n\u00famero inclui pessoas que n\u00e3o estavam dispon\u00edveis por conta de estudos ou mulheres que ficaram gr\u00e1vidas. Mas a alta expressiva aponta que a sa\u00fade foi o item que mais pesou no aumento.<\/p>\n<p>E a avalia\u00e7\u00e3o de Balassiano \u00e9 que esse quadro pode ficar ainda pior. \u201cO Pa\u00eds j\u00e1 estava em uma situa\u00e7\u00e3o muito ruim, que o novo coronav\u00edrus s\u00f3 agravou. A d\u00edvida p\u00fablica vai para 90% do Produto Interno Bruto (PIB), enquanto se tenta achar sa\u00eddas para minimizar a crise de sa\u00fade. O mercado de trabalho tende a piorar\u201d, diz.<\/p>\n<p>Em maio, o Instituto Brasileiro de Geografia e Estat\u00edstica (IBGE) fez, em parceria com o Minist\u00e9rio da Sa\u00fade, uma pesquisa espec\u00edfica, a Pnad Covid-19. Como as amostras e os per\u00edodos s\u00e3o diferentes, n\u00e3o \u00e9 poss\u00edvel comparar a Pnad Covid com a Pnad Cont\u00ednua, mas os n\u00fameros de maio revelam detalhes dos efeitos da pandemia.<\/p>\n<p>Eles apontam, por exemplo, que 25,7 milh\u00f5es de pessoas estavam fora da for\u00e7a de trabalho, mas gostariam de trabalhar. Al\u00e9m disso, 17,7 milh\u00f5es de trabalhadores n\u00e3o puderam procurar emprego por causa da pandemia ou n\u00e3o acharam uma vaga na regi\u00e3o em que moram.<\/p>\n<p>Fonte: Estad\u00e3o \/ Contec<\/p>\n","protected":false},"excerpt":{"rendered":"<p class=\"excerpt\">Alcides Ramos da Silva, desempregado que teve sintomas de Covid-19: suspeita impede busca de nova vaga Foto: Felipe Rau\/Estad\u00e3o Total de brasileiros que estavam desempregados, mas ficaram impedidos de trabalhar, sobretudo por estarem doentes, saltou de 3,3 milh\u00f5es no trimestre at\u00e9 fevereiro para 4,7 milh\u00f5es at\u00e9 abril (Por Douglas Gavras) Quando Alcides da Silva, de [&hellip;]<\/p>\n","protected":false},"author":2,"featured_media":12468,"comment_status":"closed","ping_status":"closed","sticky":false,"template":"","format":"standard","meta":{"_et_pb_use_builder":"","_et_pb_old_content":"","_et_gb_content_width":"","footnotes":""},"categories":[13],"tags":[],"class_list":["post-12467","post","type-post","status-publish","format-standard","has-post-thumbnail","hentry","category-noticias"],"_links":{"self":[{"href":"https:\/\/sjcbancarios.com.br\/site\/wp-json\/wp\/v2\/posts\/12467","targetHints":{"allow":["GET"]}}],"collection":[{"href":"https:\/\/sjcbancarios.com.br\/site\/wp-json\/wp\/v2\/posts"}],"about":[{"href":"https:\/\/sjcbancarios.com.br\/site\/wp-json\/wp\/v2\/types\/post"}],"author":[{"embeddable":true,"href":"https:\/\/sjcbancarios.com.br\/site\/wp-json\/wp\/v2\/users\/2"}],"replies":[{"embeddable":true,"href":"https:\/\/sjcbancarios.com.br\/site\/wp-json\/wp\/v2\/comments?post=12467"}],"version-history":[{"count":0,"href":"https:\/\/sjcbancarios.com.br\/site\/wp-json\/wp\/v2\/posts\/12467\/revisions"}],"wp:featuredmedia":[{"embeddable":true,"href":"https:\/\/sjcbancarios.com.br\/site\/wp-json\/wp\/v2\/media\/12468"}],"wp:attachment":[{"href":"https:\/\/sjcbancarios.com.br\/site\/wp-json\/wp\/v2\/media?parent=12467"}],"wp:term":[{"taxonomy":"category","embeddable":true,"href":"https:\/\/sjcbancarios.com.br\/site\/wp-json\/wp\/v2\/categories?post=12467"},{"taxonomy":"post_tag","embeddable":true,"href":"https:\/\/sjcbancarios.com.br\/site\/wp-json\/wp\/v2\/tags?post=12467"}],"curies":[{"name":"wp","href":"https:\/\/api.w.org\/{rel}","templated":true}]}}