{"id":12459,"date":"2020-06-23T11:51:05","date_gmt":"2020-06-23T14:51:05","guid":{"rendered":"http:\/\/sjcbancarios.com.br\/site\/?p=12459"},"modified":"2020-06-23T11:52:33","modified_gmt":"2020-06-23T14:52:33","slug":"inss-volta-a-atender-presencialmente-a-partir-de-13-de-julho","status":"publish","type":"post","link":"https:\/\/sjcbancarios.com.br\/site\/noticias\/inss-volta-a-atender-presencialmente-a-partir-de-13-de-julho\/","title":{"rendered":"INSS volta a atender presencialmente a partir de 13 de julho"},"content":{"rendered":"<p>Uma portaria deve ser publicada na pr\u00f3xima segunda-feira fixando o cronograma e os protocolos para a reabertura<\/p>\n<p><img loading=\"lazy\" decoding=\"async\" class=\"alignnone wp-image-12460 size-large\" src=\"http:\/\/sjcbancarios.com.br\/site\/wp-content\/uploads\/2020\/06\/INSS-12-1-1024x666.jpg\" alt=\"\" width=\"1024\" height=\"666\" srcset=\"https:\/\/sjcbancarios.com.br\/site\/wp-content\/uploads\/2020\/06\/INSS-12-1-1024x666.jpg 1024w, https:\/\/sjcbancarios.com.br\/site\/wp-content\/uploads\/2020\/06\/INSS-12-1-450x293.jpg 450w, https:\/\/sjcbancarios.com.br\/site\/wp-content\/uploads\/2020\/06\/INSS-12-1-768x500.jpg 768w, https:\/\/sjcbancarios.com.br\/site\/wp-content\/uploads\/2020\/06\/INSS-12-1-24x16.jpg 24w, https:\/\/sjcbancarios.com.br\/site\/wp-content\/uploads\/2020\/06\/INSS-12-1-36x23.jpg 36w, https:\/\/sjcbancarios.com.br\/site\/wp-content\/uploads\/2020\/06\/INSS-12-1-48x31.jpg 48w, https:\/\/sjcbancarios.com.br\/site\/wp-content\/uploads\/2020\/06\/INSS-12-1-scaled.jpg 1048w\" sizes=\"(max-width: 1024px) 100vw, 1024px\" \/><\/p>\n<p>O INSS vai retomar gradualmente o atendimento presencial nas ag\u00eancias do \u00f3rg\u00e3o a partir de 13 de julho de 2020, segundo apurou o Estad\u00e3o. Uma portaria deve ser publicada na pr\u00f3xima segunda-feira fixando o cronograma e os protocolos para a reabertura.<\/p>\n<p>A minuta do documento, obtida pela reportagem, prev\u00ea que o acesso ao interior das ag\u00eancias ser\u00e1 controlado e ficar\u00e1 restrito a servidores e usu\u00e1rios com agendamento pr\u00e9vio. Tamb\u00e9m haver\u00e1 limite m\u00e1ximo de pessoas no mesmo ambiente, de acordo com as dimens\u00f5es do espa\u00e7o.<\/p>\n<p>As superintend\u00eancias regionais do INSS v\u00e3o fornecer equipamentos de prote\u00e7\u00e3o individual e coletiva contra a dissemina\u00e7\u00e3o da covid-19 e adequar os espa\u00e7os e as sinaliza\u00e7\u00f5es no interior das ag\u00eancias para garantir o distanciamento social.<\/p>\n<p>Os servidores ainda precisar\u00e3o seguir protocolos de limpeza e desinfec\u00e7\u00e3o peri\u00f3dica, em especial dos ambientes de uso comum e nos consult\u00f3rio onde s\u00e3o realizadas per\u00edcias m\u00e9dicas.<\/p>\n<p>As ag\u00eancias que n\u00e3o tiverem condi\u00e7\u00f5es de retomar gradualmente o atendimento presencial continuar\u00e3o funcionando em regime de plant\u00e3o. O INSS precisar\u00e1 divulgar o plano de a\u00e7\u00e3o e um painel eletr\u00f4nico com informa\u00e7\u00f5es sobre o funcionamento das ag\u00eancias, bem como um acompanhamento sobre a efic\u00e1cia das medidas de preven\u00e7\u00e3o.<\/p>\n<p>O atendimento exclusivamente por meio dos canais remotos fica prorrogado at\u00e9 10 de julho deste ano. Depois disso, o INSS manter\u00e1 a prioriza\u00e7\u00e3o de oferta de servi\u00e7os por meio dos canais de atendimento remoto, assim como a possibilidade de teletrabalho para servidores que se enquadrarem nesse tipo de modalidade.<\/p>\n<p>As per\u00edcias m\u00e9dicas s\u00e3o um dos poucos servi\u00e7os que requerem necessariamente um atendimento presencial. Outras solicita\u00e7\u00f5es podem ser feitas por canais digitais.<\/p>\n<p>As informa\u00e7\u00f5es s\u00e3o do jornal O Estado de S. Paulo.<\/p>\n<p>Fonte: Jornal de Bras\u00edlia \/ Contec<\/p>\n","protected":false},"excerpt":{"rendered":"<p class=\"excerpt\">Uma portaria deve ser publicada na pr\u00f3xima segunda-feira fixando o cronograma e os protocolos para a reabertura O INSS vai retomar gradualmente o atendimento presencial nas ag\u00eancias do \u00f3rg\u00e3o a partir de 13 de julho de 2020, segundo apurou o Estad\u00e3o. Uma portaria deve ser publicada na pr\u00f3xima segunda-feira fixando o cronograma e os protocolos [&hellip;]<\/p>\n","protected":false},"author":2,"featured_media":12462,"comment_status":"closed","ping_status":"closed","sticky":false,"template":"","format":"standard","meta":{"_et_pb_use_builder":"","_et_pb_old_content":"","_et_gb_content_width":"","footnotes":""},"categories":[13],"tags":[],"class_list":["post-12459","post","type-post","status-publish","format-standard","has-post-thumbnail","hentry","category-noticias"],"_links":{"self":[{"href":"https:\/\/sjcbancarios.com.br\/site\/wp-json\/wp\/v2\/posts\/12459","targetHints":{"allow":["GET"]}}],"collection":[{"href":"https:\/\/sjcbancarios.com.br\/site\/wp-json\/wp\/v2\/posts"}],"about":[{"href":"https:\/\/sjcbancarios.com.br\/site\/wp-json\/wp\/v2\/types\/post"}],"author":[{"embeddable":true,"href":"https:\/\/sjcbancarios.com.br\/site\/wp-json\/wp\/v2\/users\/2"}],"replies":[{"embeddable":true,"href":"https:\/\/sjcbancarios.com.br\/site\/wp-json\/wp\/v2\/comments?post=12459"}],"version-history":[{"count":0,"href":"https:\/\/sjcbancarios.com.br\/site\/wp-json\/wp\/v2\/posts\/12459\/revisions"}],"wp:featuredmedia":[{"embeddable":true,"href":"https:\/\/sjcbancarios.com.br\/site\/wp-json\/wp\/v2\/media\/12462"}],"wp:attachment":[{"href":"https:\/\/sjcbancarios.com.br\/site\/wp-json\/wp\/v2\/media?parent=12459"}],"wp:term":[{"taxonomy":"category","embeddable":true,"href":"https:\/\/sjcbancarios.com.br\/site\/wp-json\/wp\/v2\/categories?post=12459"},{"taxonomy":"post_tag","embeddable":true,"href":"https:\/\/sjcbancarios.com.br\/site\/wp-json\/wp\/v2\/tags?post=12459"}],"curies":[{"name":"wp","href":"https:\/\/api.w.org\/{rel}","templated":true}]}}