{"id":12437,"date":"2020-06-19T11:52:16","date_gmt":"2020-06-19T14:52:16","guid":{"rendered":"http:\/\/sjcbancarios.com.br\/site\/?p=12437"},"modified":"2020-06-22T11:57:51","modified_gmt":"2020-06-22T14:57:51","slug":"senado-federal-aprova-convenio-inss-funcef","status":"publish","type":"post","link":"https:\/\/sjcbancarios.com.br\/site\/noticias\/senado-federal-aprova-convenio-inss-funcef\/","title":{"rendered":"Senado Federal aprova conv\u00eanio INSS\/FUNCEF"},"content":{"rendered":"<p>O Senado Federal aprovou, na ter\u00e7a-feira passada (16\/6), a MP 936\/2020 que, entre outras determina\u00e7\u00f5es, regulamentou o conv\u00eanio entre o INSS e a Entidades Fechadas de Previd\u00eancia Complementar (EFPC). O texto, que j\u00e1 havia sido apreciado pela C\u00e2mara dos Deputados, seguiu para san\u00e7\u00e3o presidencial.<\/p>\n<p>Na pr\u00e1tica, o acordo permite que a FUNCEF pague no dia 20 de cada m\u00eas, junto com o benef\u00edcio de seus planos, a aposentadoria do INSS, antecipando ao participante o benef\u00edcio que ele s\u00f3 receberia no calend\u00e1rio da Previd\u00eancia Social, geralmente nos cinco primeiros dias \u00fateis do m\u00eas. Tamb\u00e9m viabiliza o pedido de benef\u00edcios do INSS diretamente \u00e0 FUNCEF.<\/p>\n<p><strong>Margem consign\u00e1vel<\/strong><\/p>\n<p>A Diretoria de Benef\u00edcios da FUNCEF trabalha, agora, para o retorno da margem consign\u00e1vel das linhas do CredPlan aos percentuais anteriores ao an\u00fancio, por parte do INSS, em novembro de 2019, de que o conv\u00eanio seria cancelado. A margem consign\u00e1vel ser\u00e1 efetivada a t\u00e3o logo o novo contrato entre o INSS e a FUNCEF seja assinado.<\/p>\n<p><strong>Atua\u00e7\u00e3o da FUNCEF<\/strong><\/p>\n<p>Desde aquele momento, a FUNCEF atuou no INSS e no Congresso Nacional para a manuten\u00e7\u00e3o do conv\u00eanio, garantindo essa antecipa\u00e7\u00e3o da aposentadoria do \u00f3rg\u00e3o de previd\u00eancia oficial. Uma emenda do deputado Christino Aureo (PP\/RJ) possibilitou a tramita\u00e7\u00e3o na C\u00e2mara dos Deputados e a aprova\u00e7\u00e3o da regulamenta\u00e7\u00e3o do conv\u00eanio, na noite de ter\u00e7a-feira (16\/6), no Senado. O acerto foi mantido at\u00e9 agora, conforme foi amplamente noticiado pela Funda\u00e7\u00e3o no Portal e redes sociais.<\/p>\n<p>&#x2705; <strong>Como aderir:<\/strong><\/p>\n<p>O conv\u00eanio com o INSS est\u00e1 aberto a todos os participantes da FUNCEF, exceto aqueles que t\u00eam contrato de empr\u00e9stimo consignado no benef\u00edcio do INSS. Clique aqui para saber mais e como aderir.<\/p>\n<p>&#x2705;D<strong>\u00favidas<\/strong><\/p>\n<p>Ligue para a Central de Relacionamento no telefone 0800 706 9000, de segunda a sexta-feira, exceto feriado, ou escreva no Fale com a FUNCEF aqui.<\/p>\n<p>Fonte: Comunica\u00e7\u00e3o Social da FUNCEF \/ Contec<\/p>\n","protected":false},"excerpt":{"rendered":"<p class=\"excerpt\">O Senado Federal aprovou, na ter\u00e7a-feira passada (16\/6), a MP 936\/2020 que, entre outras determina\u00e7\u00f5es, regulamentou o conv\u00eanio entre o INSS e a Entidades Fechadas de Previd\u00eancia Complementar (EFPC). O texto, que j\u00e1 havia sido apreciado pela C\u00e2mara dos Deputados, seguiu para san\u00e7\u00e3o presidencial. Na pr\u00e1tica, o acordo permite que a FUNCEF pague no dia [&hellip;]<\/p>\n","protected":false},"author":2,"featured_media":12438,"comment_status":"closed","ping_status":"closed","sticky":false,"template":"","format":"standard","meta":{"_et_pb_use_builder":"","_et_pb_old_content":"","_et_gb_content_width":"","footnotes":""},"categories":[13],"tags":[],"class_list":["post-12437","post","type-post","status-publish","format-standard","has-post-thumbnail","hentry","category-noticias"],"_links":{"self":[{"href":"https:\/\/sjcbancarios.com.br\/site\/wp-json\/wp\/v2\/posts\/12437","targetHints":{"allow":["GET"]}}],"collection":[{"href":"https:\/\/sjcbancarios.com.br\/site\/wp-json\/wp\/v2\/posts"}],"about":[{"href":"https:\/\/sjcbancarios.com.br\/site\/wp-json\/wp\/v2\/types\/post"}],"author":[{"embeddable":true,"href":"https:\/\/sjcbancarios.com.br\/site\/wp-json\/wp\/v2\/users\/2"}],"replies":[{"embeddable":true,"href":"https:\/\/sjcbancarios.com.br\/site\/wp-json\/wp\/v2\/comments?post=12437"}],"version-history":[{"count":0,"href":"https:\/\/sjcbancarios.com.br\/site\/wp-json\/wp\/v2\/posts\/12437\/revisions"}],"wp:featuredmedia":[{"embeddable":true,"href":"https:\/\/sjcbancarios.com.br\/site\/wp-json\/wp\/v2\/media\/12438"}],"wp:attachment":[{"href":"https:\/\/sjcbancarios.com.br\/site\/wp-json\/wp\/v2\/media?parent=12437"}],"wp:term":[{"taxonomy":"category","embeddable":true,"href":"https:\/\/sjcbancarios.com.br\/site\/wp-json\/wp\/v2\/categories?post=12437"},{"taxonomy":"post_tag","embeddable":true,"href":"https:\/\/sjcbancarios.com.br\/site\/wp-json\/wp\/v2\/tags?post=12437"}],"curies":[{"name":"wp","href":"https:\/\/api.w.org\/{rel}","templated":true}]}}