{"id":12419,"date":"2020-06-16T11:29:02","date_gmt":"2020-06-16T14:29:02","guid":{"rendered":"http:\/\/sjcbancarios.com.br\/site\/?p=12419"},"modified":"2020-06-26T12:29:58","modified_gmt":"2020-06-26T15:29:58","slug":"cards-contra-demissoes-no-santander-hoje-faca-postagens-nas-redes-sociais","status":"publish","type":"post","link":"https:\/\/sjcbancarios.com.br\/site\/noticias\/cards-contra-demissoes-no-santander-hoje-faca-postagens-nas-redes-sociais\/","title":{"rendered":"Cards contra demiss\u00f5es no Santander. Hoje, fa\u00e7a postagens nas redes sociais"},"content":{"rendered":"<p style=\"text-align: left;\">Hoje, 16 de junho, \u00e9 Dia Nacional de Luta contra as demiss\u00f5es no Santander, aprovado pela Comiss\u00e3o de Organiza\u00e7\u00e3o dos Empregados (COE), no \u00faltimo dia 10. Foram criados dois cards a serem postados nas redes sociais. Proteste. Denuncie o banco espanhol.<\/p>\n<p><strong>Compromisso rompido<\/strong><\/p>\n<p>O Santander rompeu o compromisso assumido com o Comando Nacional dos Banc\u00e1rios, no \u00faltimo dia 24 de mar\u00e7o, que garantia os empregos durante a pandemia do novo coronav\u00edrus. Segundo mat\u00e9ria publicada no site jornal Folha de S. Paulo, no dia 9 deste m\u00eas de junho, o banco espanhol j\u00e1 iniciou processo de demiss\u00e3o, que prev\u00ea o corte de 20% do quadro de trabalhadores.<\/p>\n<p>Em comunicado interno, o Santander nega as demiss\u00f5es. Em nota ao jornal, diz que a &#8220;informa\u00e7\u00e3o n\u00e3o \u00e9 ver\u00eddica\u201d. No entanto, afirma que o compromisso em n\u00e3o demitir durante a crise sanit\u00e1ria tinha validade de 60 dias, com prazo encerrado no final de maio. Pura balela.<\/p>\n<p>\u201cCuriosamente, no ano passado o Santander n\u00e3o lan\u00e7ou nenhum Plano de Demiss\u00e3o Volunt\u00e1ria (PDV) para n\u00e3o sinalizar ao mercado que estava em processo de encolhimento. No in\u00edcio da pandemia, em an\u00fancios na televis\u00e3o, tentou vender a imagem de &#8216;bonzinho&#8217;, preocupado com as pessoas que poderiam perder seus empreendimentos. Agora, alardeia que a dissemina\u00e7\u00e3o da COVID-19 cessou, que voltamos \u00e0 situa\u00e7\u00e3o pr\u00e9 pandemia. O \u2018novo normal\u2019 do Santander resgata a velha e desgastada t\u00e1tica de demitir para crescer. O que \u00e9 inaceit\u00e1vel. Ali\u00e1s, cad\u00ea o compromisso social? Em nota ao citado jornal, o banco espanhol afirma que \u2018segue inabal\u00e1vel\u2019. Na verdade, deixou de existir\u201d.<\/p>\n<p>Fonte: Seeb Campinas\/SP<\/p>\n","protected":false},"excerpt":{"rendered":"<p class=\"excerpt\">Hoje, 16 de junho, \u00e9 Dia Nacional de Luta contra as demiss\u00f5es no Santander, aprovado pela Comiss\u00e3o de Organiza\u00e7\u00e3o dos Empregados (COE), no \u00faltimo dia 10. Foram criados dois cards a serem postados nas redes sociais. Proteste. Denuncie o banco espanhol. Compromisso rompido O Santander rompeu o compromisso assumido com o Comando Nacional dos Banc\u00e1rios, [&hellip;]<\/p>\n","protected":false},"author":2,"featured_media":12421,"comment_status":"closed","ping_status":"closed","sticky":false,"template":"","format":"standard","meta":{"_et_pb_use_builder":"","_et_pb_old_content":"","_et_gb_content_width":"","footnotes":""},"categories":[13],"tags":[],"class_list":["post-12419","post","type-post","status-publish","format-standard","has-post-thumbnail","hentry","category-noticias"],"_links":{"self":[{"href":"https:\/\/sjcbancarios.com.br\/site\/wp-json\/wp\/v2\/posts\/12419","targetHints":{"allow":["GET"]}}],"collection":[{"href":"https:\/\/sjcbancarios.com.br\/site\/wp-json\/wp\/v2\/posts"}],"about":[{"href":"https:\/\/sjcbancarios.com.br\/site\/wp-json\/wp\/v2\/types\/post"}],"author":[{"embeddable":true,"href":"https:\/\/sjcbancarios.com.br\/site\/wp-json\/wp\/v2\/users\/2"}],"replies":[{"embeddable":true,"href":"https:\/\/sjcbancarios.com.br\/site\/wp-json\/wp\/v2\/comments?post=12419"}],"version-history":[{"count":0,"href":"https:\/\/sjcbancarios.com.br\/site\/wp-json\/wp\/v2\/posts\/12419\/revisions"}],"wp:featuredmedia":[{"embeddable":true,"href":"https:\/\/sjcbancarios.com.br\/site\/wp-json\/wp\/v2\/media\/12421"}],"wp:attachment":[{"href":"https:\/\/sjcbancarios.com.br\/site\/wp-json\/wp\/v2\/media?parent=12419"}],"wp:term":[{"taxonomy":"category","embeddable":true,"href":"https:\/\/sjcbancarios.com.br\/site\/wp-json\/wp\/v2\/categories?post=12419"},{"taxonomy":"post_tag","embeddable":true,"href":"https:\/\/sjcbancarios.com.br\/site\/wp-json\/wp\/v2\/tags?post=12419"}],"curies":[{"name":"wp","href":"https:\/\/api.w.org\/{rel}","templated":true}]}}