{"id":12353,"date":"2020-06-03T11:27:30","date_gmt":"2020-06-03T14:27:30","guid":{"rendered":"http:\/\/sjcbancarios.com.br\/site\/?p=12353"},"modified":"2020-06-09T10:41:54","modified_gmt":"2020-06-09T13:41:54","slug":"covid-19-contec-insiste-com-a-fenaban-para-realizar-testes-em-toda-a-categoria-bancaria","status":"publish","type":"post","link":"https:\/\/sjcbancarios.com.br\/site\/noticias\/covid-19-contec-insiste-com-a-fenaban-para-realizar-testes-em-toda-a-categoria-bancaria\/","title":{"rendered":"COVID 19: CONTEC insiste com a Fenaban para realizar testes em toda a categoria banc\u00e1ria"},"content":{"rendered":"<p>Depois de v\u00e1rias solicita\u00e7\u00f5es aos bancos sem retorno de resposta, a CONTEC oficiou ontem (02\/06) a FENABAN insistindo que toda a categoria banc\u00e1ria seja testada, antes do retorno \u00e0s atividades nos escrit\u00f3rios e ag\u00eancias.<\/p>\n<p>No documento, a entidade destaca a preocupa\u00e7\u00e3o com o grande volume de casos j\u00e1 registrados no pa\u00eds e ainda com a possibilidade de haver entre os trabalhadores casos assintom\u00e1ticos da doen\u00e7a, o que pode ser fator determinante na prolifera\u00e7\u00e3o do Covid 19 entre a categoria.<\/p>\n<p>O pedido da CONTEC segue inclusive orienta\u00e7\u00e3o da Organiza\u00e7\u00e3o Internacional do Trabalho (OIT), que na data de ontem, divulgou uma s\u00e9rie de recomenda\u00e7\u00f5es para o retorno dos trabalhadores \u00e0s atividades laborais.<\/p>\n<p>Confira a \u00edntegra do of\u00edcio:<\/p>\n<p>Of\u00edcio n\u00ba 0075-2020 \u2013 FENABAN<\/p>\n<p>Diretoria Executiva da CONTEC<\/p>\n","protected":false},"excerpt":{"rendered":"<p class=\"excerpt\">Depois de v\u00e1rias solicita\u00e7\u00f5es aos bancos sem retorno de resposta, a CONTEC oficiou ontem (02\/06) a FENABAN insistindo que toda a categoria banc\u00e1ria seja testada, antes do retorno \u00e0s atividades nos escrit\u00f3rios e ag\u00eancias. No documento, a entidade destaca a preocupa\u00e7\u00e3o com o grande volume de casos j\u00e1 registrados no pa\u00eds e ainda com a [&hellip;]<\/p>\n","protected":false},"author":2,"featured_media":12354,"comment_status":"closed","ping_status":"closed","sticky":false,"template":"","format":"standard","meta":{"_et_pb_use_builder":"","_et_pb_old_content":"","_et_gb_content_width":"","footnotes":""},"categories":[13],"tags":[],"class_list":["post-12353","post","type-post","status-publish","format-standard","has-post-thumbnail","hentry","category-noticias"],"_links":{"self":[{"href":"https:\/\/sjcbancarios.com.br\/site\/wp-json\/wp\/v2\/posts\/12353","targetHints":{"allow":["GET"]}}],"collection":[{"href":"https:\/\/sjcbancarios.com.br\/site\/wp-json\/wp\/v2\/posts"}],"about":[{"href":"https:\/\/sjcbancarios.com.br\/site\/wp-json\/wp\/v2\/types\/post"}],"author":[{"embeddable":true,"href":"https:\/\/sjcbancarios.com.br\/site\/wp-json\/wp\/v2\/users\/2"}],"replies":[{"embeddable":true,"href":"https:\/\/sjcbancarios.com.br\/site\/wp-json\/wp\/v2\/comments?post=12353"}],"version-history":[{"count":0,"href":"https:\/\/sjcbancarios.com.br\/site\/wp-json\/wp\/v2\/posts\/12353\/revisions"}],"wp:featuredmedia":[{"embeddable":true,"href":"https:\/\/sjcbancarios.com.br\/site\/wp-json\/wp\/v2\/media\/12354"}],"wp:attachment":[{"href":"https:\/\/sjcbancarios.com.br\/site\/wp-json\/wp\/v2\/media?parent=12353"}],"wp:term":[{"taxonomy":"category","embeddable":true,"href":"https:\/\/sjcbancarios.com.br\/site\/wp-json\/wp\/v2\/categories?post=12353"},{"taxonomy":"post_tag","embeddable":true,"href":"https:\/\/sjcbancarios.com.br\/site\/wp-json\/wp\/v2\/tags?post=12353"}],"curies":[{"name":"wp","href":"https:\/\/api.w.org\/{rel}","templated":true}]}}