{"id":12326,"date":"2020-05-21T12:36:10","date_gmt":"2020-05-21T15:36:10","guid":{"rendered":"http:\/\/sjcbancarios.com.br\/site\/?p=12326"},"modified":"2020-05-22T12:46:26","modified_gmt":"2020-05-22T15:46:26","slug":"nova-diretoria-da-feeb-sp-ms-toma-posse-em-cerimonia-realizada-por-videoconferencia","status":"publish","type":"post","link":"https:\/\/sjcbancarios.com.br\/site\/noticias\/nova-diretoria-da-feeb-sp-ms-toma-posse-em-cerimonia-realizada-por-videoconferencia\/","title":{"rendered":"Nova diretoria da FEEB SP\/MS toma posse em cerim\u00f4nia realizada por videoconfer\u00eancia"},"content":{"rendered":"<p>BA Federa\u00e7\u00e3o dos Empregados em Estabelecimentos Banc\u00e1rios dos Estados de S\u00e3o Paulo e Mato Grosso do Sul empossou nesta quarta-feira, 08\/04, a diretoria eleita para o quadri\u00eanio 2020\/2024. Devido ao per\u00edodo de isolamento social, a cerim\u00f4nia foi transmitida por meio de videoconfer\u00eancia e contou com ampla participa\u00e7\u00e3o.<\/p>\n<p>Estiveram presentes representantes dos sindicatos de Andradina, Ara\u00e7atuba, Campinas, Corumb\u00e1, Franca, Guaratinguet\u00e1, Ja\u00fa, Lins, Mar\u00edlia, Navira\u00ed, Piracicaba, Ponta Por\u00e3, Presidente Venceslau, Ribeir\u00e3o Preto, Rio Claro, Santos, S\u00e3o Carlos, S\u00e3o Jos\u00e9 do Rio Preto, S\u00e3o Jos\u00e9 dos Campos, Sorocaba, Tr\u00eas Lagoas, Tup\u00e3 e Votuporanga.<\/p>\n<p>A nova diretoria executiva foi eleita durante o VII Congresso Interestadual da FEEB, que ocorreu durante o m\u00eas de mar\u00e7o, em S\u00e3o Paulo, ocasi\u00e3o que aprovou tamb\u00e9m, as novas propostas da Federa\u00e7\u00e3o.<\/p>\n<p>O presidente eleito, Jeferson Boava, foi empossado pelo presidente Davi Zaia, que deixa a presid\u00eancia e ocupa agora a vice-presid\u00eancia da chapa.<br \/>\nOs dirigentes relembraram e agradeceram o empenho e a colabora\u00e7\u00e3o do sindicalista durante esses anos \u00e0 frente da presid\u00eancia e parabenizou o novo presidente.<br \/>\n\u201cO perfil conciliador do Davi e sua experi\u00eancia na vida p\u00fablica contribu\u00edram muito conosco em todos esses anos, agradecemos e parabenizamos o Jeferson, tamb\u00e9m com esse perfil conciliador, acreditamos que a Feeb est\u00e1 em boas m\u00e3os. Todos os demais eleitos para o pr\u00f3ximo quadri\u00eanio t\u00eam tamb\u00e9m o seu valor e os parabenizamos\u201d, disse o dirigente Moacir Foga\u00e7a, presidente do Sindicato de Navira\u00ed.<\/p>\n<p>A presidente do Sindicato de Tr\u00eas Lagoas, Thelma Canisso ressaltou a confian\u00e7a do movimento nos sindicatos. \u201cAgradecemos a confian\u00e7a depositada nos sindicatos por todos esses anos. A luta daqui pra frente \u00e9 grande, mas tenho certeza que encontraremos meios para continuar fazendo um bom trabalho em prol do movimento\u201d.<br \/>\nA fala do dirigente Guto Prates, presidente do sindicato de Andradina, tamb\u00e9m foi de agradecimento e reconhecimento. \u201cRelembramos hoje toda nossa trajet\u00f3ria. Somos uma refer\u00eancia no movimento sindical, agradecemos o Davi por isso e parabenizamos o Jeferson, que assume agora a linha de frente\u201d, disse.<\/p>\n<p>A presidente do sindicato de Campinas, Ana Stela, tamb\u00e9m elogiou e destacou que ser\u00e1 preciso se remodelar. \u201cDiante de tudo o que estamos vivendo, mais do que nunca chegou a hora de extrapolar o nosso cotidiano e aproximarmos ainda mais da sociedade com a\u00e7\u00f5es pontuais para refor\u00e7o do movimento e defesa dos trabalhadores\u201d, disse.<br \/>\nPara o presidente eleito, esse foi um dia at\u00edpico e importante para todos. \u201c\u00c9 a tecnologia nos auxiliando nesse momento, fato que nos mostra um panorama do que ser\u00e1 nossa vida pela frente, um momento de transforma\u00e7\u00e3o e adapta\u00e7\u00e3o. S\u00e3o v\u00e1rios sentimentos que me trazem at\u00e9 aqui, entre eles, o gratid\u00e3o e de responsabilidade, especialmente ao Davi que me acompanhou, auxiliou e ensinou durante toda a minha trajet\u00f3ria, como li\u00e7\u00e3o principal, me mostrou que a sinceridade sempre deve nortear a nossa rela\u00e7\u00e3o com cada um de voc\u00eas. Gratid\u00e3o tamb\u00e9m ao meu sindicato de Campinas. S\u00e3o os sindicatos que d\u00e3o base para o movimento. Parabenizo e agrade\u00e7o a todos os dirigentes por isso\u201d.<\/p>\n<p>Com rela\u00e7\u00e3o aos desafios, o novo presidente pontuou a necessidade de construir sa\u00eddas e alternativas diante do novo cen\u00e1rio nacional. \u201cO nosso principal desafio e compromisso \u00e9 o de renova\u00e7\u00e3o do acordo coletivo de trabalho. Quest\u00f5es j\u00e1 debatidas e aprovadas por n\u00f3s durante Congresso Interestadual, como Renda M\u00ednima, acesso ao SUS e Fortalecimento das Pol\u00edticas P\u00fablicas, se fazem mais atual do que nunca. Temos que lutar incessantemente contra esse governo que est\u00e1 destruindo as conquistas hist\u00f3ricas dos trabalhadores e da sociedade como um todo\u201d, ressalta.<\/p>\n<p>O presidente eleito se mostrou disposto para agendas sindicais presenciais no momento oportuno. \u201c\u00c9 preciso ter di\u00e1logo intenso e escutar a realidade de cada local. T\u00e3o logo, que vencermos essa pandemia, me coloco \u00e0 disposi\u00e7\u00e3o para seguir com as agendas sindicais, enquanto isso vamos prosseguir com o debate com os banc\u00e1rios e as diretorias da base e selar nosso compromisso com rela\u00e7\u00e3o \u00e0s a\u00e7\u00f5es relativas \u00e0 defesa da categoria.<\/p>\n<p>Zaia, que esteve no comando nos \u00faltimos 30 anos, assume agora a vice-presid\u00eancia da diretoria. Em suas considera\u00e7\u00f5es finais destacou que o momento \u00e9 de transforma\u00e7\u00e3o e de uni\u00e3o. \u201cRelembro, assim como as considera\u00e7\u00f5es dos companheiros, toda a hist\u00f3ria, lutas e conquistas. Estamos \u00e0 dist\u00e2ncia, mas o carinho \u00e9 o mesmo. Tenho certeza que a Federa\u00e7\u00e3o vai continuar com a import\u00e2ncia que tem, cabe a n\u00f3s sabermos responder sempre com disposi\u00e7\u00e3o \u00e0s necessidades. Contamos agora com o novo Plano de Trabalho, aprovado por unanimidade em nosso \u00faltimo Congresso e que traz em sua estrutura, diretrizes fundamentais para nortear nossas a\u00e7\u00f5es no pr\u00f3ximo per\u00edodo\u201d, conclui Davi.<\/p>\n<p><strong>Presidente<\/strong> <br \/>\nJeferson Boava \u00e9 natural de Itatiba, S\u00e3o Paulo. Banc\u00e1rio desde 1989, quando ingressou no Banco Nossa Caixa, atual Banco do Brasil. Em 2001 entrou para o Sindicato dos Banc\u00e1rios de Campinas. Assumiu a presid\u00eancia em 2009, onde permaneceu at\u00e9 2016. Foi Secret\u00e1rio Geral da Feeb SP MS de 2012 a 2016 e vice-presidente da chapa de 2016 a 2020. Fez parte da comiss\u00e3o de Empresa do Banco do Brasil, \u00e9 membro do Comando Nacional dos Banc\u00e1rios e Secret\u00e1rio de Governo de Itatiba na gest\u00e3o 2017\/2020.<\/p>\n<p><img loading=\"lazy\" decoding=\"async\" class=\"alignnone wp-image-12328 size-large\" src=\"http:\/\/sjcbancarios.com.br\/site\/wp-content\/uploads\/2020\/05\/DIRETORIA_FEEBSPMS-1-1024x435.jpg\" alt=\"\" width=\"1024\" height=\"435\" srcset=\"https:\/\/sjcbancarios.com.br\/site\/wp-content\/uploads\/2020\/05\/DIRETORIA_FEEBSPMS-1-1024x435.jpg 1024w, https:\/\/sjcbancarios.com.br\/site\/wp-content\/uploads\/2020\/05\/DIRETORIA_FEEBSPMS-1-450x191.jpg 450w, https:\/\/sjcbancarios.com.br\/site\/wp-content\/uploads\/2020\/05\/DIRETORIA_FEEBSPMS-1-768x326.jpg 768w, https:\/\/sjcbancarios.com.br\/site\/wp-content\/uploads\/2020\/05\/DIRETORIA_FEEBSPMS-1-24x10.jpg 24w, https:\/\/sjcbancarios.com.br\/site\/wp-content\/uploads\/2020\/05\/DIRETORIA_FEEBSPMS-1-36x15.jpg 36w, https:\/\/sjcbancarios.com.br\/site\/wp-content\/uploads\/2020\/05\/DIRETORIA_FEEBSPMS-1-48x20.jpg 48w, https:\/\/sjcbancarios.com.br\/site\/wp-content\/uploads\/2020\/05\/DIRETORIA_FEEBSPMS-1-scaled.jpg 1048w\" sizes=\"(max-width: 1024px) 100vw, 1024px\" \/><\/p>\n<p>Conhe\u00e7a a Diretoria para o Quadri\u00eanio 2020\/2024<\/p>\n<p>&nbsp;<\/p>\n<p><img loading=\"lazy\" decoding=\"async\" class=\"alignnone wp-image-12329 size-large\" src=\"http:\/\/sjcbancarios.com.br\/site\/wp-content\/uploads\/2020\/05\/feeb-2-1024x576.jpeg\" alt=\"\" width=\"1024\" height=\"576\" srcset=\"https:\/\/sjcbancarios.com.br\/site\/wp-content\/uploads\/2020\/05\/feeb-2-1024x576.jpeg 1024w, https:\/\/sjcbancarios.com.br\/site\/wp-content\/uploads\/2020\/05\/feeb-2-450x253.jpeg 450w, https:\/\/sjcbancarios.com.br\/site\/wp-content\/uploads\/2020\/05\/feeb-2-768x432.jpeg 768w, https:\/\/sjcbancarios.com.br\/site\/wp-content\/uploads\/2020\/05\/feeb-2-24x14.jpeg 24w, https:\/\/sjcbancarios.com.br\/site\/wp-content\/uploads\/2020\/05\/feeb-2-36x20.jpeg 36w, https:\/\/sjcbancarios.com.br\/site\/wp-content\/uploads\/2020\/05\/feeb-2-48x27.jpeg 48w, https:\/\/sjcbancarios.com.br\/site\/wp-content\/uploads\/2020\/05\/feeb-2.jpeg 1032w\" sizes=\"(max-width: 1024px) 100vw, 1024px\" \/><\/p>\n<p><img loading=\"lazy\" decoding=\"async\" class=\"alignnone wp-image-12331 size-large\" src=\"http:\/\/sjcbancarios.com.br\/site\/wp-content\/uploads\/2020\/05\/posseFEEBSP3-1-1024x1024.jpeg\" alt=\"\" width=\"1024\" height=\"1024\" srcset=\"https:\/\/sjcbancarios.com.br\/site\/wp-content\/uploads\/2020\/05\/posseFEEBSP3-1-1024x1024.jpeg 1024w, https:\/\/sjcbancarios.com.br\/site\/wp-content\/uploads\/2020\/05\/posseFEEBSP3-1-300x300.jpeg 300w, https:\/\/sjcbancarios.com.br\/site\/wp-content\/uploads\/2020\/05\/posseFEEBSP3-1-768x768.jpeg 768w, https:\/\/sjcbancarios.com.br\/site\/wp-content\/uploads\/2020\/05\/posseFEEBSP3-1-60x60.jpeg 60w, https:\/\/sjcbancarios.com.br\/site\/wp-content\/uploads\/2020\/05\/posseFEEBSP3-1-1000x1000.jpeg 1000w, https:\/\/sjcbancarios.com.br\/site\/wp-content\/uploads\/2020\/05\/posseFEEBSP3-1-480x480.jpeg 480w, https:\/\/sjcbancarios.com.br\/site\/wp-content\/uploads\/2020\/05\/posseFEEBSP3-1-24x24.jpeg 24w, https:\/\/sjcbancarios.com.br\/site\/wp-content\/uploads\/2020\/05\/posseFEEBSP3-1-36x36.jpeg 36w, https:\/\/sjcbancarios.com.br\/site\/wp-content\/uploads\/2020\/05\/posseFEEBSP3-1-48x48.jpeg 48w, https:\/\/sjcbancarios.com.br\/site\/wp-content\/uploads\/2020\/05\/posseFEEBSP3-1-scaled.jpeg 1048w\" sizes=\"(max-width: 1024px) 100vw, 1024px\" \/><\/p>\n<p>Fonte: Feeb SP\/MS\/ Contec<\/p>\n","protected":false},"excerpt":{"rendered":"<p class=\"excerpt\">BA Federa\u00e7\u00e3o dos Empregados em Estabelecimentos Banc\u00e1rios dos Estados de S\u00e3o Paulo e Mato Grosso do Sul empossou nesta quarta-feira, 08\/04, a diretoria eleita para o quadri\u00eanio 2020\/2024. Devido ao per\u00edodo de isolamento social, a cerim\u00f4nia foi transmitida por meio de videoconfer\u00eancia e contou com ampla participa\u00e7\u00e3o. Estiveram presentes representantes dos sindicatos de Andradina, Ara\u00e7atuba, [&hellip;]<\/p>\n","protected":false},"author":2,"featured_media":12327,"comment_status":"closed","ping_status":"closed","sticky":false,"template":"","format":"standard","meta":{"_et_pb_use_builder":"","_et_pb_old_content":"","_et_gb_content_width":"","footnotes":""},"categories":[13],"tags":[],"class_list":["post-12326","post","type-post","status-publish","format-standard","has-post-thumbnail","hentry","category-noticias"],"_links":{"self":[{"href":"https:\/\/sjcbancarios.com.br\/site\/wp-json\/wp\/v2\/posts\/12326","targetHints":{"allow":["GET"]}}],"collection":[{"href":"https:\/\/sjcbancarios.com.br\/site\/wp-json\/wp\/v2\/posts"}],"about":[{"href":"https:\/\/sjcbancarios.com.br\/site\/wp-json\/wp\/v2\/types\/post"}],"author":[{"embeddable":true,"href":"https:\/\/sjcbancarios.com.br\/site\/wp-json\/wp\/v2\/users\/2"}],"replies":[{"embeddable":true,"href":"https:\/\/sjcbancarios.com.br\/site\/wp-json\/wp\/v2\/comments?post=12326"}],"version-history":[{"count":0,"href":"https:\/\/sjcbancarios.com.br\/site\/wp-json\/wp\/v2\/posts\/12326\/revisions"}],"wp:featuredmedia":[{"embeddable":true,"href":"https:\/\/sjcbancarios.com.br\/site\/wp-json\/wp\/v2\/media\/12327"}],"wp:attachment":[{"href":"https:\/\/sjcbancarios.com.br\/site\/wp-json\/wp\/v2\/media?parent=12326"}],"wp:term":[{"taxonomy":"category","embeddable":true,"href":"https:\/\/sjcbancarios.com.br\/site\/wp-json\/wp\/v2\/categories?post=12326"},{"taxonomy":"post_tag","embeddable":true,"href":"https:\/\/sjcbancarios.com.br\/site\/wp-json\/wp\/v2\/tags?post=12326"}],"curies":[{"name":"wp","href":"https:\/\/api.w.org\/{rel}","templated":true}]}}