{"id":12318,"date":"2020-05-19T09:30:27","date_gmt":"2020-05-19T12:30:27","guid":{"rendered":"http:\/\/sjcbancarios.com.br\/site\/?p=12318"},"modified":"2020-05-19T14:51:22","modified_gmt":"2020-05-19T17:51:22","slug":"governo-lanca-canal-para-registro-de-denuncias-trabalhistas-on-line","status":"publish","type":"post","link":"https:\/\/sjcbancarios.com.br\/site\/noticias\/governo-lanca-canal-para-registro-de-denuncias-trabalhistas-on-line\/","title":{"rendered":"Governo lan\u00e7a canal para registro de den\u00fancias trabalhistas on-line"},"content":{"rendered":"<p><strong>Objetivo \u00e9 que o trabalhador n\u00e3o tenha que ir a uma das unidades das superintend\u00eancias regionais do Trabalho do Minist\u00e9rio da Economia para registrar uma reclama\u00e7\u00e3o.<\/strong><\/p>\n<p><img loading=\"lazy\" decoding=\"async\" class=\"alignnone wp-image-12320 size-full\" src=\"http:\/\/sjcbancarios.com.br\/site\/wp-content\/uploads\/2020\/05\/CARTEIRA.jpg\" alt=\"\" width=\"700\" height=\"470\" srcset=\"https:\/\/sjcbancarios.com.br\/site\/wp-content\/uploads\/2020\/05\/CARTEIRA.jpg 700w, https:\/\/sjcbancarios.com.br\/site\/wp-content\/uploads\/2020\/05\/CARTEIRA-447x300.jpg 447w, https:\/\/sjcbancarios.com.br\/site\/wp-content\/uploads\/2020\/05\/CARTEIRA-24x16.jpg 24w, https:\/\/sjcbancarios.com.br\/site\/wp-content\/uploads\/2020\/05\/CARTEIRA-36x24.jpg 36w, https:\/\/sjcbancarios.com.br\/site\/wp-content\/uploads\/2020\/05\/CARTEIRA-48x32.jpg 48w, https:\/\/sjcbancarios.com.br\/site\/wp-content\/uploads\/2020\/05\/CARTEIRA-272x182.jpg 272w\" sizes=\"(max-width: 700px) 100vw, 700px\" \/><br \/>\nCarteira de trabalho<br \/>\nCarteira de trabalho \u2013 Marcello Casal\/ Ag\u00eancia Brasil<\/p>\n<p>Bras\u00edlia \u2013 A Secretaria de Trabalho do Minist\u00e9rio da Economia lan\u00e7ou um canal para registro de den\u00fancias trabalhistas no portal Gov.br. Com a nova ferramenta, o objetivo \u00e9 que o trabalhador n\u00e3o tenha que ir a uma das unidades das superintend\u00eancias regionais do Trabalho do Minist\u00e9rio da Economia para registrar uma reclama\u00e7\u00e3o.<\/p>\n<p>Assim, diz a secretaria, h\u00e1 redu\u00e7\u00e3o de custos e melhora na gest\u00e3o p\u00fablica, e servidores que atuavam no atendimento presencial poder\u00e3o ser deslocados para realizar outras atividades.<\/p>\n<p><strong>Como denunciar<\/strong><br \/>\nO canal pode ser usado para den\u00fancias, reclama\u00e7\u00f5es e registro de irregularidades trabalhistas. \u00c9 preciso cadastrar o CPF \u2013 Cadastro de Pessoas F\u00edsicas \u2013 e uma senha na \u00e1rea de acesso ao portal Gov.br.<\/p>\n<p>N\u00e3o \u00e9 poss\u00edvel fazer den\u00fancia an\u00f4nima, mas os dados do denunciante s\u00e3o sigilosos e n\u00e3o ser\u00e3o divulgados no curso de uma poss\u00edvel fiscaliza\u00e7\u00e3o. O tempo estimado para realizar uma den\u00fancia trabalhista \u00e9 de cerca de 15 minutos.<\/p>\n<p>No caso de trabalho an\u00e1logo ao de escravo, n\u00e3o \u00e9 exigida a identifica\u00e7\u00e3o do denunciante no Gov.br, mas a den\u00fancia deve ser feita pelo Sistema Ip\u00ea, dispon\u00edvel tamb\u00e9m no portal Gov.br.<\/p>\n<p>Fonte: O Dia \/ Contec<\/p>\n","protected":false},"excerpt":{"rendered":"<p class=\"excerpt\">Objetivo \u00e9 que o trabalhador n\u00e3o tenha que ir a uma das unidades das superintend\u00eancias regionais do Trabalho do Minist\u00e9rio da Economia para registrar uma reclama\u00e7\u00e3o. Carteira de trabalho Carteira de trabalho \u2013 Marcello Casal\/ Ag\u00eancia Brasil Bras\u00edlia \u2013 A Secretaria de Trabalho do Minist\u00e9rio da Economia lan\u00e7ou um canal para registro de den\u00fancias trabalhistas [&hellip;]<\/p>\n","protected":false},"author":2,"featured_media":12319,"comment_status":"closed","ping_status":"closed","sticky":false,"template":"","format":"standard","meta":{"_et_pb_use_builder":"","_et_pb_old_content":"","_et_gb_content_width":"","footnotes":""},"categories":[13],"tags":[],"class_list":["post-12318","post","type-post","status-publish","format-standard","has-post-thumbnail","hentry","category-noticias"],"_links":{"self":[{"href":"https:\/\/sjcbancarios.com.br\/site\/wp-json\/wp\/v2\/posts\/12318","targetHints":{"allow":["GET"]}}],"collection":[{"href":"https:\/\/sjcbancarios.com.br\/site\/wp-json\/wp\/v2\/posts"}],"about":[{"href":"https:\/\/sjcbancarios.com.br\/site\/wp-json\/wp\/v2\/types\/post"}],"author":[{"embeddable":true,"href":"https:\/\/sjcbancarios.com.br\/site\/wp-json\/wp\/v2\/users\/2"}],"replies":[{"embeddable":true,"href":"https:\/\/sjcbancarios.com.br\/site\/wp-json\/wp\/v2\/comments?post=12318"}],"version-history":[{"count":0,"href":"https:\/\/sjcbancarios.com.br\/site\/wp-json\/wp\/v2\/posts\/12318\/revisions"}],"wp:featuredmedia":[{"embeddable":true,"href":"https:\/\/sjcbancarios.com.br\/site\/wp-json\/wp\/v2\/media\/12319"}],"wp:attachment":[{"href":"https:\/\/sjcbancarios.com.br\/site\/wp-json\/wp\/v2\/media?parent=12318"}],"wp:term":[{"taxonomy":"category","embeddable":true,"href":"https:\/\/sjcbancarios.com.br\/site\/wp-json\/wp\/v2\/categories?post=12318"},{"taxonomy":"post_tag","embeddable":true,"href":"https:\/\/sjcbancarios.com.br\/site\/wp-json\/wp\/v2\/tags?post=12318"}],"curies":[{"name":"wp","href":"https:\/\/api.w.org\/{rel}","templated":true}]}}