{"id":12278,"date":"2020-05-06T11:00:57","date_gmt":"2020-05-06T14:00:57","guid":{"rendered":"http:\/\/sjcbancarios.com.br\/site\/?p=12278"},"modified":"2020-05-07T17:15:11","modified_gmt":"2020-05-07T20:15:11","slug":"assembleia-bv-financeira-s-a-dia-07-as-1430-h-na-sede-do-sindicato","status":"publish","type":"post","link":"https:\/\/sjcbancarios.com.br\/site\/noticias\/assembleia-bv-financeira-s-a-dia-07-as-1430-h-na-sede-do-sindicato\/","title":{"rendered":"Assembleia BV Financeira S\/A, dia 07, \u00e0s 14:30 h na Sede do Sindicato"},"content":{"rendered":"<p>O Sindicato dos Banc\u00e1rios de S\u00e3o Jos\u00e9 dos Campos e Regi\u00e3o convoca todos os empregados, s\u00f3cios ou n\u00e3o, que prestam servi\u00e7os na <strong>BV Financeira S\/A<\/strong>, na base territorial deste Sindicato para a Assembleia Extraordin\u00e1ria Espec\u00edfica que se realizar\u00e1 no dia 07\/05\/2020 \u00e0s 14:30 horas no endere\u00e7o sito \u00e0 Av. Dr. M\u00e1rio Galv\u00e3o, 318, Jardim Bela Vista \u2013 S\u00e3o Jos\u00e9 dos Campos\/SP, para aprova\u00e7\u00e3o do Acordo Coletivo de Trabalho sobre pandemia do COVID-19 a ser celebrado com a BV Financeira S\/A, com vig\u00eancia de 21 (vinte e um) meses a contar da data de assinatura pelas partes, enquanto perdurar o estado de calamidade p\u00fablica e o processo de compensa\u00e7\u00e3o das horas no banco de horas de 18 meses.<\/p>\n<p><strong>Participe!<\/strong><\/p>\n","protected":false},"excerpt":{"rendered":"<p class=\"excerpt\">O Sindicato dos Banc\u00e1rios de S\u00e3o Jos\u00e9 dos Campos e Regi\u00e3o convoca todos os empregados, s\u00f3cios ou n\u00e3o, que prestam servi\u00e7os na BV Financeira S\/A, na base territorial deste Sindicato para a Assembleia Extraordin\u00e1ria Espec\u00edfica que se realizar\u00e1 no dia 07\/05\/2020 \u00e0s 14:30 horas no endere\u00e7o sito \u00e0 Av. Dr. M\u00e1rio Galv\u00e3o, 318, Jardim Bela [&hellip;]<\/p>\n","protected":false},"author":2,"featured_media":12279,"comment_status":"closed","ping_status":"closed","sticky":false,"template":"","format":"standard","meta":{"_et_pb_use_builder":"","_et_pb_old_content":"","_et_gb_content_width":"","footnotes":""},"categories":[13],"tags":[],"class_list":["post-12278","post","type-post","status-publish","format-standard","has-post-thumbnail","hentry","category-noticias"],"_links":{"self":[{"href":"https:\/\/sjcbancarios.com.br\/site\/wp-json\/wp\/v2\/posts\/12278","targetHints":{"allow":["GET"]}}],"collection":[{"href":"https:\/\/sjcbancarios.com.br\/site\/wp-json\/wp\/v2\/posts"}],"about":[{"href":"https:\/\/sjcbancarios.com.br\/site\/wp-json\/wp\/v2\/types\/post"}],"author":[{"embeddable":true,"href":"https:\/\/sjcbancarios.com.br\/site\/wp-json\/wp\/v2\/users\/2"}],"replies":[{"embeddable":true,"href":"https:\/\/sjcbancarios.com.br\/site\/wp-json\/wp\/v2\/comments?post=12278"}],"version-history":[{"count":0,"href":"https:\/\/sjcbancarios.com.br\/site\/wp-json\/wp\/v2\/posts\/12278\/revisions"}],"wp:featuredmedia":[{"embeddable":true,"href":"https:\/\/sjcbancarios.com.br\/site\/wp-json\/wp\/v2\/media\/12279"}],"wp:attachment":[{"href":"https:\/\/sjcbancarios.com.br\/site\/wp-json\/wp\/v2\/media?parent=12278"}],"wp:term":[{"taxonomy":"category","embeddable":true,"href":"https:\/\/sjcbancarios.com.br\/site\/wp-json\/wp\/v2\/categories?post=12278"},{"taxonomy":"post_tag","embeddable":true,"href":"https:\/\/sjcbancarios.com.br\/site\/wp-json\/wp\/v2\/tags?post=12278"}],"curies":[{"name":"wp","href":"https:\/\/api.w.org\/{rel}","templated":true}]}}