{"id":12237,"date":"2020-04-30T12:52:56","date_gmt":"2020-04-30T15:52:56","guid":{"rendered":"http:\/\/sjcbancarios.com.br\/site\/?p=12237"},"modified":"2020-04-30T12:55:49","modified_gmt":"2020-04-30T15:55:49","slug":"com-pandemia-centrais-definem-formato-virtual-para-o-1o-de-maio","status":"publish","type":"post","link":"https:\/\/sjcbancarios.com.br\/site\/noticias\/com-pandemia-centrais-definem-formato-virtual-para-o-1o-de-maio\/","title":{"rendered":"Com pandemia, centrais definem formato virtual para o 1\u00ba de Maio"},"content":{"rendered":"<p><img loading=\"lazy\" decoding=\"async\" class=\"alignnone wp-image-12239 size-full\" src=\"http:\/\/sjcbancarios.com.br\/site\/wp-content\/uploads\/2020\/04\/1-de-maio-1.jpg\" alt=\"\" width=\"700\" height=\"530\" srcset=\"https:\/\/sjcbancarios.com.br\/site\/wp-content\/uploads\/2020\/04\/1-de-maio-1.jpg 700w, https:\/\/sjcbancarios.com.br\/site\/wp-content\/uploads\/2020\/04\/1-de-maio-1-396x300.jpg 396w, https:\/\/sjcbancarios.com.br\/site\/wp-content\/uploads\/2020\/04\/1-de-maio-1-24x18.jpg 24w, https:\/\/sjcbancarios.com.br\/site\/wp-content\/uploads\/2020\/04\/1-de-maio-1-36x27.jpg 36w, https:\/\/sjcbancarios.com.br\/site\/wp-content\/uploads\/2020\/04\/1-de-maio-1-48x36.jpg 48w\" sizes=\"(max-width: 700px) 100vw, 700px\" \/><\/p>\n<p><strong>Cartaz do evento deste ano, que pela primeira vez ser\u00e1 virtual \u2013 Imagem: Reprodu\u00e7\u00e3o \u2013<\/strong><\/p>\n<p><strong>Entidades afirmam que decis\u00e3o respeita a necessidade de isolamento social. Evento vai intercalar falas de dirigentes e apresenta\u00e7\u00f5es musicais<\/strong><\/p>\n<p>Assim como em 2019, as centrais sindicais far\u00e3o um 1\u00ba de Maio unificado. A diferen\u00e7a est\u00e1 no formato. Pela primeira vez, devido \u00e0 pandemia, o evento ser\u00e1 virtual, uma \u201clive do trabalhador\u201d. Segundo as centrais e movimentos sociais, a decis\u00e3o foi tomada \u201cem total respeito ao isolamento social imprescind\u00edvel ao combate do coronav\u00edrus\u201d.<\/p>\n<p>Diante da crise sanit\u00e1ria, o formato do evento vinha sendo discutido h\u00e1 algumas semanas. O mote do 1\u00ba de Maio ser\u00e1 \u201cSa\u00fade, Emprego, Renda: um novo mundo \u00e9 poss\u00edvel com solidariedade\u201d. As centrais afirmam que se trata de uma \u201cdata de reflex\u00e3o e de luta pela democracia, pelo direito de a classe trabalhadora ter um movimento sindical organizado, ouvido e respeitado\u201d.<\/p>\n<p>O evento, previsto para come\u00e7ar \u00e0s 10h, vai intercalar mensagens dos dirigentes sindicais e apresenta\u00e7\u00f5es musicais. Tamb\u00e9m participar\u00e3o convidados de movimentos populares. No ano passado, o ato unificado foi realizado no Vale do Anhangaba\u00fa, na regi\u00e3o central de S\u00e3o Paulo, com p\u00fablico estimado pelos organizadores em 200 mil.<\/p>\n<p>\n<em><strong>Ficar em casa e evitar aglomera\u00e7\u00f5es \u00e9 hoje uma quest\u00e3o de sa\u00fade p\u00fablica e de solidariedade entre as pessoas. Por isso no mundo todo os trabalhadores estar\u00e3o mobilizados pela internet, e aqui no Brasil estaremos unidos em volta da pauta da classe trabalhadora, por nossos empregos e direitos, que est\u00e3o sendo atacados, por nossas vidas e sa\u00fade que est\u00e3o amea\u00e7adas, e tamb\u00e9m por um projeto de pa\u00eds mais justo, inclusivo e solid\u00e1rio, que passa por consolidarmos uma grande frente contra este governo que, diante de uma pandemia que est\u00e1 causando milhares de mortes no pa\u00eds e no mundo, ataca ainda mais os direitos dos trabalhadores, enquanto protege grandes empres\u00e1rios e os bancos, e defende de forma irrespons\u00e1vel e criminosa o fim do isolamento social<\/strong><\/em><\/p>\n<p><strong>Fonte<\/strong>: RBA \/ Contec<\/p>\n","protected":false},"excerpt":{"rendered":"<p class=\"excerpt\">Cartaz do evento deste ano, que pela primeira vez ser\u00e1 virtual \u2013 Imagem: Reprodu\u00e7\u00e3o \u2013 Entidades afirmam que decis\u00e3o respeita a necessidade de isolamento social. Evento vai intercalar falas de dirigentes e apresenta\u00e7\u00f5es musicais Assim como em 2019, as centrais sindicais far\u00e3o um 1\u00ba de Maio unificado. A diferen\u00e7a est\u00e1 no formato. Pela primeira vez, [&hellip;]<\/p>\n","protected":false},"author":2,"featured_media":12238,"comment_status":"closed","ping_status":"closed","sticky":false,"template":"","format":"standard","meta":{"_et_pb_use_builder":"","_et_pb_old_content":"","_et_gb_content_width":"","footnotes":""},"categories":[13],"tags":[],"class_list":["post-12237","post","type-post","status-publish","format-standard","has-post-thumbnail","hentry","category-noticias"],"_links":{"self":[{"href":"https:\/\/sjcbancarios.com.br\/site\/wp-json\/wp\/v2\/posts\/12237","targetHints":{"allow":["GET"]}}],"collection":[{"href":"https:\/\/sjcbancarios.com.br\/site\/wp-json\/wp\/v2\/posts"}],"about":[{"href":"https:\/\/sjcbancarios.com.br\/site\/wp-json\/wp\/v2\/types\/post"}],"author":[{"embeddable":true,"href":"https:\/\/sjcbancarios.com.br\/site\/wp-json\/wp\/v2\/users\/2"}],"replies":[{"embeddable":true,"href":"https:\/\/sjcbancarios.com.br\/site\/wp-json\/wp\/v2\/comments?post=12237"}],"version-history":[{"count":0,"href":"https:\/\/sjcbancarios.com.br\/site\/wp-json\/wp\/v2\/posts\/12237\/revisions"}],"wp:featuredmedia":[{"embeddable":true,"href":"https:\/\/sjcbancarios.com.br\/site\/wp-json\/wp\/v2\/media\/12238"}],"wp:attachment":[{"href":"https:\/\/sjcbancarios.com.br\/site\/wp-json\/wp\/v2\/media?parent=12237"}],"wp:term":[{"taxonomy":"category","embeddable":true,"href":"https:\/\/sjcbancarios.com.br\/site\/wp-json\/wp\/v2\/categories?post=12237"},{"taxonomy":"post_tag","embeddable":true,"href":"https:\/\/sjcbancarios.com.br\/site\/wp-json\/wp\/v2\/tags?post=12237"}],"curies":[{"name":"wp","href":"https:\/\/api.w.org\/{rel}","templated":true}]}}