{"id":12222,"date":"2020-04-29T12:15:48","date_gmt":"2020-04-29T15:15:48","guid":{"rendered":"http:\/\/sjcbancarios.com.br\/site\/?p=12222"},"modified":"2020-04-29T12:15:48","modified_gmt":"2020-04-29T15:15:48","slug":"governo-estima-fila-de-200-mil-que-nao-conseguem-acessar-seguro-desemprego","status":"publish","type":"post","link":"https:\/\/sjcbancarios.com.br\/site\/noticias\/governo-estima-fila-de-200-mil-que-nao-conseguem-acessar-seguro-desemprego\/","title":{"rendered":"Governo estima fila de 200 mil que n\u00e3o conseguem acessar seguro-desemprego"},"content":{"rendered":"<p>De mar\u00e7o \u00e0 primeira quinzena de abril de 2020, foram registrados 804.538 pedidos; no entanto, n\u00fameros n\u00e3o consideram aqueles que n\u00e3o conseguem solicitar o benef\u00edcio<\/p>\n<p>Trabalhadores que tentam receber o seguro-desemprego relatam dificuldades em concluir o pedido via site ou aplicativo do governo e se queixam de n\u00e3o conseguir informa\u00e7\u00f5es pelos canais remotos de atendimento da Secretaria Especial de Previd\u00eancia e Trabalho, \u00f3rg\u00e3o respons\u00e1vel pelo benef\u00edcio. Como resultado, o pr\u00f3prio governo estima que aproximadamente 200 mil trabalhadores que perderam o emprego entre mar\u00e7o e a primeira quinzena de abril ainda n\u00e3o conseguiram solicitar o benef\u00edcio \u2013 n\u00famero que deve ser maior na vis\u00e3o de especialistas.<\/p>\n<p>Os dados oficiais ainda mostram queda nos pedidos de seguro-desemprego. De acordo com o Minist\u00e9rio da Economia, 866.735 trabalhadores deram entrada no pedido entre o come\u00e7o de mar\u00e7o e a primeira quinzena de abril de 2019. Em 2020, no mesmo per\u00edodo, foram 804.538.<\/p>\n<p>Entretanto, considerando a estimativa de desempregados que n\u00e3o pediram o benef\u00edcio devido ao fechamento de ag\u00eancias das ag\u00eancias do Sine (Sistema Nacional do Emprego) \u2013 que ainda funcionam de forma remota \u2013 ou outras quest\u00f5es, o n\u00famero de 2020 ultrapassa 1 milh\u00e3o, ou seja, cerca de 150 mil pedidos a mais que em 2019.<\/p>\n<p>\u201cTendo em vista o fechamento do sistema Sine, temos demanda reprimida. Ainda temos pequena fila que estamos dando conta rapidamente\u201d, disse na \u00faltima ter\u00e7a-feira, 29, o secret\u00e1rio de Previd\u00eancia e Trabalho, Bruno Bianco, em entrevista coletiva no Pal\u00e1cio do Planalto.<\/p>\n<p>Para o pesquisador da \u00e1rea de Economia Aplicada do FGV Ibre, Daniel Duque, o n\u00famero efetivo de desempregados deve superar os 200 mil estimados pelo governo para mar\u00e7o e a primeira quinzena de abril e crescer ainda mais nos pr\u00f3ximos meses. Ele lembra que grande parte dos demitidos n\u00e3o pede o seguro-desemprego imediatamente, j\u00e1 que tem um \u201ccolch\u00e3o\u201d de sobreviv\u00eancia com as verbas rescis\u00f3rias. \u201cN\u00e3o temos d\u00favida de que esse dado vai aumentar. At\u00e9 o fim de abril, vai haver uma eleva\u00e7\u00e3o e, a partir de maio, um crescimento expressivo.\u201d<\/p>\n<p>Desde o fim de mar\u00e7o, com a entrada em vigor do estado de calamidade p\u00fablica, as ag\u00eancias do Sine deixaram de atender os trabalhadores presencialmente e t\u00eam feito o procedimento de forma remota.<\/p>\n<p>Agora, para solicitar o seguro, os trabalhadores precisam fazer o pedido pelo site ou pelo aplicativo Carteira de Trabalho Digital. Os canais, por\u00e9m, n\u00e3o resolvem o problema de quem foi demitido e est\u00e1 precisando do benef\u00edcio com urg\u00eancia durante a pandemia.<\/p>\n<p>A empregada dom\u00e9stica Angela da Silva Nascimento Santos foi demitida no come\u00e7o de mar\u00e7o e, desde ent\u00e3o, n\u00e3o consegue entrar com o pedido do seguro-desemprego por conta de problemas no sistema. Antes, o site de agendamento para a unidade de sua regi\u00e3o, Jacarepagu\u00e1 (RJ), estava sem disponibilidade de hor\u00e1rio e, depois do in\u00edcio da quarentena, ficou ainda pior. Ela ainda tentou entrar em contato por telefone para dar entrada no pedido, mas diz que sempre est\u00e1 ocupado. \u201cN\u00e3o recebo Bolsa Fam\u00edlia e n\u00e3o consegui pedir o aux\u00edlio emergencial. Estou desesperada\u201d, afirma Angela.<\/p>\n<p>Roberta Ferreira, moradora da Rocinha, tamb\u00e9m na capital fluminense, \u00e9 outra que est\u00e1 com dificuldades para solicitar o benef\u00edcio: ela foi demitida no dia 1.\u00ba de abril, e tenta h\u00e1 15 dias solucionar o problema, sem sucesso. \u201cA rotina est\u00e1 sendo acordar \u00e0s 6h, ligar para o n\u00famero 158 \u00e0s 6h59 e tentar ser atendida. Quando tento fazer meu pedido pelo app Carteira de Trabalho Digital, consta que meus dados est\u00e3o divergentes.\u201d<\/p>\n<p>Fonte: Estad\u00e3o \/ Contec<\/p>\n","protected":false},"excerpt":{"rendered":"<p class=\"excerpt\">De mar\u00e7o \u00e0 primeira quinzena de abril de 2020, foram registrados 804.538 pedidos; no entanto, n\u00fameros n\u00e3o consideram aqueles que n\u00e3o conseguem solicitar o benef\u00edcio Trabalhadores que tentam receber o seguro-desemprego relatam dificuldades em concluir o pedido via site ou aplicativo do governo e se queixam de n\u00e3o conseguir informa\u00e7\u00f5es pelos canais remotos de atendimento [&hellip;]<\/p>\n","protected":false},"author":2,"featured_media":12223,"comment_status":"closed","ping_status":"closed","sticky":false,"template":"","format":"standard","meta":{"_et_pb_use_builder":"","_et_pb_old_content":"","_et_gb_content_width":"","footnotes":""},"categories":[13],"tags":[],"class_list":["post-12222","post","type-post","status-publish","format-standard","has-post-thumbnail","hentry","category-noticias"],"_links":{"self":[{"href":"https:\/\/sjcbancarios.com.br\/site\/wp-json\/wp\/v2\/posts\/12222","targetHints":{"allow":["GET"]}}],"collection":[{"href":"https:\/\/sjcbancarios.com.br\/site\/wp-json\/wp\/v2\/posts"}],"about":[{"href":"https:\/\/sjcbancarios.com.br\/site\/wp-json\/wp\/v2\/types\/post"}],"author":[{"embeddable":true,"href":"https:\/\/sjcbancarios.com.br\/site\/wp-json\/wp\/v2\/users\/2"}],"replies":[{"embeddable":true,"href":"https:\/\/sjcbancarios.com.br\/site\/wp-json\/wp\/v2\/comments?post=12222"}],"version-history":[{"count":0,"href":"https:\/\/sjcbancarios.com.br\/site\/wp-json\/wp\/v2\/posts\/12222\/revisions"}],"wp:featuredmedia":[{"embeddable":true,"href":"https:\/\/sjcbancarios.com.br\/site\/wp-json\/wp\/v2\/media\/12223"}],"wp:attachment":[{"href":"https:\/\/sjcbancarios.com.br\/site\/wp-json\/wp\/v2\/media?parent=12222"}],"wp:term":[{"taxonomy":"category","embeddable":true,"href":"https:\/\/sjcbancarios.com.br\/site\/wp-json\/wp\/v2\/categories?post=12222"},{"taxonomy":"post_tag","embeddable":true,"href":"https:\/\/sjcbancarios.com.br\/site\/wp-json\/wp\/v2\/tags?post=12222"}],"curies":[{"name":"wp","href":"https:\/\/api.w.org\/{rel}","templated":true}]}}