{"id":12177,"date":"2020-04-23T12:42:29","date_gmt":"2020-04-23T15:42:29","guid":{"rendered":"http:\/\/sjcbancarios.com.br\/site\/?p=12177"},"modified":"2020-04-23T12:42:29","modified_gmt":"2020-04-23T15:42:29","slug":"governo-desiste-de-antecipar-2a-parcela-do-auxilio-emergencial-de-r-600","status":"publish","type":"post","link":"https:\/\/sjcbancarios.com.br\/site\/noticias\/governo-desiste-de-antecipar-2a-parcela-do-auxilio-emergencial-de-r-600\/","title":{"rendered":"Governo desiste de antecipar 2\u00aa parcela do aux\u00edlio emergencial de R$ 600"},"content":{"rendered":"<p style=\"text-align: justify;\">O Minist\u00e9rio da Cidadania anunciou hoje que o governo n\u00e3o conseguir\u00e1, por \u201cfatores legais e or\u00e7ament\u00e1rios\u201d, antecipar o pagamento da segunda parcela do aux\u00edlio emergencial de R$ 600.<\/p>\n<p style=\"text-align: justify;\">Em nota, a pasta explicou que, \u201cpelo alto n\u00famero de requerentes que ainda est\u00e3o em an\u00e1lise\u201d, est\u00e1 impedida legalmente de fazer a antecipa\u00e7\u00e3o do benef\u00edcio, prometida tamb\u00e9m pela Caixa Econ\u00f4mica Federal. A suspens\u00e3o do pagamento foi recomendada pela Controladoria Geral da Uni\u00e3o (CGU).<br \/>\nBenefici\u00e1rios dos R$ 600 reclamam do app Caixa Tem h\u00e1 pelo menos uma semana<\/p>\n<p style=\"text-align: justify;\">\u201cO governo Bolsonaro tem como marca a responsabilidade fiscal e o cumprimento de todas as normas legais\u201d, garantiu, acrescentando que j\u00e1 solicitou ao Minist\u00e9rio da Economia uma suplementa\u00e7\u00e3o or\u00e7ament\u00e1ria para conseguir pagar o aux\u00edlio ao restante dos benefici\u00e1rios.<\/p>\n<p style=\"text-align: justify;\">O Minist\u00e9rio da Cidadania disse ainda que o objetivo \u00e9 garantir o pagamento a \u201ctodos os que forem eleg\u00edveis de acordo com a lei\u201d. \u201cAp\u00f3s a defini\u00e7\u00e3o da suplementa\u00e7\u00e3o or\u00e7ament\u00e1ria a ser feita pelo Minist\u00e9rio da Economia, iremos completar o atendimento da primeira parcela e anunciar o calend\u00e1rio de pagamento da segunda parcela\u201d, prometeu.<br \/>\nQuem j\u00e1 recebeu e quem falta<\/p>\n<p style=\"text-align: justify;\">At\u00e9 esta quarta-feira (22), a Caixa j\u00e1 havia liberado mais de R$ 22 bilh\u00f5es do aux\u00edlio emergencial para cerca de 31 milh\u00f5es de brasileiros. Ao todo, foram registrados mais de 45 milh\u00f5es de cadastros no aplicativo e no site oficiais.<\/p>\n<p style=\"text-align: justify;\">Cerca de 32 milh\u00f5es de cadastros realizados entre 7 a 10 de abril j\u00e1 foram processados. Outras 7 milh\u00f5es de inscri\u00e7\u00f5es feitas entre 11 e 17 de abril come\u00e7aram a ser analisadas nesta semana, com previs\u00e3o de conclus\u00e3o at\u00e9 a pr\u00f3xima sexta-feira (24).<\/p>\n<p style=\"text-align: justify;\">O recurso dispon\u00edvel para cada uma das tr\u00eas parcelas do benef\u00edcio, ainda segundo o Minist\u00e9rio da Cidadania, \u00e9 de R$ 32,7 bilh\u00f5es. J\u00e1 foram transferidos pela Caixa R$ 31,3 bilh\u00f5es (95,7%), e ainda ser\u00e3o avaliados cerca de 12 milh\u00f5es de cadastros para a primeira parcela.<\/p>\n<p>Fonte: UOL \/ Contec<\/p>\n","protected":false},"excerpt":{"rendered":"<p class=\"excerpt\">O Minist\u00e9rio da Cidadania anunciou hoje que o governo n\u00e3o conseguir\u00e1, por \u201cfatores legais e or\u00e7ament\u00e1rios\u201d, antecipar o pagamento da segunda parcela do aux\u00edlio emergencial de R$ 600. Em nota, a pasta explicou que, \u201cpelo alto n\u00famero de requerentes que ainda est\u00e3o em an\u00e1lise\u201d, est\u00e1 impedida legalmente de fazer a antecipa\u00e7\u00e3o do benef\u00edcio, prometida tamb\u00e9m [&hellip;]<\/p>\n","protected":false},"author":2,"featured_media":12178,"comment_status":"closed","ping_status":"closed","sticky":false,"template":"","format":"standard","meta":{"_et_pb_use_builder":"","_et_pb_old_content":"","_et_gb_content_width":"","footnotes":""},"categories":[13],"tags":[],"class_list":["post-12177","post","type-post","status-publish","format-standard","has-post-thumbnail","hentry","category-noticias"],"_links":{"self":[{"href":"https:\/\/sjcbancarios.com.br\/site\/wp-json\/wp\/v2\/posts\/12177","targetHints":{"allow":["GET"]}}],"collection":[{"href":"https:\/\/sjcbancarios.com.br\/site\/wp-json\/wp\/v2\/posts"}],"about":[{"href":"https:\/\/sjcbancarios.com.br\/site\/wp-json\/wp\/v2\/types\/post"}],"author":[{"embeddable":true,"href":"https:\/\/sjcbancarios.com.br\/site\/wp-json\/wp\/v2\/users\/2"}],"replies":[{"embeddable":true,"href":"https:\/\/sjcbancarios.com.br\/site\/wp-json\/wp\/v2\/comments?post=12177"}],"version-history":[{"count":0,"href":"https:\/\/sjcbancarios.com.br\/site\/wp-json\/wp\/v2\/posts\/12177\/revisions"}],"wp:featuredmedia":[{"embeddable":true,"href":"https:\/\/sjcbancarios.com.br\/site\/wp-json\/wp\/v2\/media\/12178"}],"wp:attachment":[{"href":"https:\/\/sjcbancarios.com.br\/site\/wp-json\/wp\/v2\/media?parent=12177"}],"wp:term":[{"taxonomy":"category","embeddable":true,"href":"https:\/\/sjcbancarios.com.br\/site\/wp-json\/wp\/v2\/categories?post=12177"},{"taxonomy":"post_tag","embeddable":true,"href":"https:\/\/sjcbancarios.com.br\/site\/wp-json\/wp\/v2\/tags?post=12177"}],"curies":[{"name":"wp","href":"https:\/\/api.w.org\/{rel}","templated":true}]}}