{"id":12171,"date":"2020-04-16T10:32:50","date_gmt":"2020-04-16T13:32:50","guid":{"rendered":"http:\/\/sjcbancarios.com.br\/site\/?p=12171"},"modified":"2020-04-17T10:37:52","modified_gmt":"2020-04-17T13:37:52","slug":"nelson-teich-e-novo-ministro-da-saude","status":"publish","type":"post","link":"https:\/\/sjcbancarios.com.br\/site\/noticias\/nelson-teich-e-novo-ministro-da-saude\/","title":{"rendered":"Nelson Teich \u00e9 novo ministro da Sa\u00fade"},"content":{"rendered":"<p>Indicado nesta quinta-feira (16) pelo presidente Jair Bolsonaro para o cargo de ministro da Sa\u00fade, em substitui\u00e7\u00e3o a Luiz Henrique Mandetta, o oncologista Nelson Teich defende a necessidade de isolamento social horizontal no combate ao coronav\u00edrus.<\/p>\n<p>O novo ministro foi respons\u00e1vel nos anos 1990 pela funda\u00e7\u00e3o do Centro de Oncologia Integrado (Grupo COI), onde atuou at\u00e9 2018. Segundo o perfil dele em uma rede social, trabalhava como consultor em gest\u00e3o de sa\u00fade.<\/p>\n<p>De setembro do ano passado at\u00e9 janeiro deste ano, tamb\u00e9m de acordo com o perfil, Teich prestou orienta\u00e7\u00f5es \u00e0 Secretaria de Ci\u00eancia, Tecnologia e Insumos Estrat\u00e9gicos em Sa\u00fade (SCTIE) do Minist\u00e9rio da Sa\u00fade, comandada por Denizar Vianna.<\/p>\n<p>O novo ministro \u00e9 formado em medicina pela Universidade Estadual do Rio de Janeiro, Teich foi residente de Oncologia no Instituto Nacional do C\u00e2ncer. Na sequ\u00eancia, focou sua forma\u00e7\u00e3o na \u00e1rea de gest\u00e3o da sa\u00fade, ao cursar um MBA na Universidade Federal do Rio de Janeiro (UFRJ) e um mestrado na Universidade de York (Reino Unido) voltados para o tema.<\/p>\n<p>Em 2010 e 2011, ele prestou consultoria para o Hospital Israelita Albert Einstein, em S\u00e3o Paulo, tamb\u00e9m focada em gest\u00e3o da sa\u00fade. Teich foi um dos s\u00f3cios-fundadores do MDI Instituto de Educa\u00e7\u00e3o e Pesquisa, onde foi s\u00f3cio do atual secret\u00e1rio de Ci\u00eancia, Tecnologia e Insumos Estrat\u00e9gicos em Sa\u00fade (SCTIE) do Minist\u00e9rio da Sa\u00fade, Denizar Vianna.<\/p>\n<p>fonte: G1 \/ Contec<\/p>\n","protected":false},"excerpt":{"rendered":"<p class=\"excerpt\">Indicado nesta quinta-feira (16) pelo presidente Jair Bolsonaro para o cargo de ministro da Sa\u00fade, em substitui\u00e7\u00e3o a Luiz Henrique Mandetta, o oncologista Nelson Teich defende a necessidade de isolamento social horizontal no combate ao coronav\u00edrus. O novo ministro foi respons\u00e1vel nos anos 1990 pela funda\u00e7\u00e3o do Centro de Oncologia Integrado (Grupo COI), onde atuou [&hellip;]<\/p>\n","protected":false},"author":2,"featured_media":12172,"comment_status":"closed","ping_status":"closed","sticky":false,"template":"","format":"standard","meta":{"_et_pb_use_builder":"","_et_pb_old_content":"","_et_gb_content_width":"","footnotes":""},"categories":[13],"tags":[],"class_list":["post-12171","post","type-post","status-publish","format-standard","has-post-thumbnail","hentry","category-noticias"],"_links":{"self":[{"href":"https:\/\/sjcbancarios.com.br\/site\/wp-json\/wp\/v2\/posts\/12171","targetHints":{"allow":["GET"]}}],"collection":[{"href":"https:\/\/sjcbancarios.com.br\/site\/wp-json\/wp\/v2\/posts"}],"about":[{"href":"https:\/\/sjcbancarios.com.br\/site\/wp-json\/wp\/v2\/types\/post"}],"author":[{"embeddable":true,"href":"https:\/\/sjcbancarios.com.br\/site\/wp-json\/wp\/v2\/users\/2"}],"replies":[{"embeddable":true,"href":"https:\/\/sjcbancarios.com.br\/site\/wp-json\/wp\/v2\/comments?post=12171"}],"version-history":[{"count":0,"href":"https:\/\/sjcbancarios.com.br\/site\/wp-json\/wp\/v2\/posts\/12171\/revisions"}],"wp:featuredmedia":[{"embeddable":true,"href":"https:\/\/sjcbancarios.com.br\/site\/wp-json\/wp\/v2\/media\/12172"}],"wp:attachment":[{"href":"https:\/\/sjcbancarios.com.br\/site\/wp-json\/wp\/v2\/media?parent=12171"}],"wp:term":[{"taxonomy":"category","embeddable":true,"href":"https:\/\/sjcbancarios.com.br\/site\/wp-json\/wp\/v2\/categories?post=12171"},{"taxonomy":"post_tag","embeddable":true,"href":"https:\/\/sjcbancarios.com.br\/site\/wp-json\/wp\/v2\/tags?post=12171"}],"curies":[{"name":"wp","href":"https:\/\/api.w.org\/{rel}","templated":true}]}}