{"id":12166,"date":"2020-04-16T10:00:26","date_gmt":"2020-04-16T13:00:26","guid":{"rendered":"http:\/\/sjcbancarios.com.br\/site\/?p=12166"},"modified":"2020-04-16T13:05:57","modified_gmt":"2020-04-16T16:05:57","slug":"nota-das-centrais-sindicais-sobre-a-aprovacao-da-mp-905","status":"publish","type":"post","link":"https:\/\/sjcbancarios.com.br\/site\/noticias\/nota-das-centrais-sindicais-sobre-a-aprovacao-da-mp-905\/","title":{"rendered":"Nota das Centrais Sindicais sobre a aprova\u00e7\u00e3o da MP 905"},"content":{"rendered":"<div class=\"bdaia-post-content\">\n<div class=\"pf-content\">\n<p><strong>Retirada de direitos gera desemprego<\/strong><\/p>\n<p style=\"text-align: justify;\">As centrais sindicais v\u00eam denunciando o car\u00e1ter predat\u00f3rio da MP 905 desde seu lan\u00e7amento pelo governo Bolsonaro, em novembro de 2019. A aprova\u00e7\u00e3o dessas medidas que afetam diretamente a classe trabalhadora sem di\u00e1logo ou consulta \u00e0s centrais e demais entidades sindicais \u00e9 mais um ataque \u00e0 democracia.<\/p>\n<p style=\"text-align: justify;\">Condenamos veementemente a decis\u00e3o da C\u00e2mara dos Deputados de aprovar a \u201cCarteira da Vergonha\u201d na noite de ter\u00e7a-feira, 14 de abril de 2020, em meio ao crescimento das crises sanit\u00e1ria, social e pol\u00edtica que o Pa\u00eds enfrenta.<\/p>\n<p style=\"text-align: justify;\">A pretexto de reduzir encargos trabalhistas para empresas e, assim, estimular a gera\u00e7\u00e3o de empregos, o programa, na verdade, visa eliminar os direitos trabalhistas e benef\u00edcios como o FGTS.<\/p>\n<p style=\"text-align: justify;\">A fal\u00e1cia da reforma trabalhista deixou comprovado que a elimina\u00e7\u00e3o de direitos e redu\u00e7\u00e3o de encargos n\u00e3o apenas n\u00e3o geram empregos, como tamb\u00e9m provocam expressiva queda de renda e, consequentemente, do consumo, levando, assim, ao desemprego.<\/p>\n<p style=\"text-align: justify;\">Se a MP 905 for efetivada, n\u00e3o haver\u00e1 gera\u00e7\u00e3o de empregos para jovens nem para ningu\u00e9m. Ao contr\u00e1rio, al\u00e9m do agravamento da precariza\u00e7\u00e3o e da informalidade, a medida provocar\u00e1 uma nova descapitaliza\u00e7\u00e3o da Previd\u00eancia podendo comprometer o pagamento das aposentadorias.<\/p>\n<p style=\"text-align: justify;\">Ao aprovar as MPs 905 e 936, retirando direitos, estendendo jornadas de trabalho e destruindo medidas de prote\u00e7\u00e3o e seguran\u00e7a de sa\u00fade, os parlamentares que a apoiaram ser\u00e3o c\u00famplices de uma crise que aumentar\u00e1 ainda mais o n\u00edvel de enfermidades entre trabalhadoras e trabalhadores neste atual contexto de pandemia.<\/p>\n<p style=\"text-align: justify;\">Nesse sentido, manifestamos total recha\u00e7o ao que foi aprovado e reivindicamos, de forma contundente, que o Senado n\u00e3o vote o texto da MP 905 aprovado na C\u00e2mara dos deputados, para que a Medida Provis\u00f3ria deixe de ter vig\u00eancia.<\/p>\n<p>Reivindicamos tamb\u00e9m que o Congresso, as representa\u00e7\u00f5es empresariais e sindicais criem uma mesa de negocia\u00e7\u00e3o para buscar solu\u00e7\u00f5es aos problemas existentes nas pequenas e m\u00e9dias empresas para manter os empregos e sal\u00e1rios.<\/p>\n<p><strong>S\u00e3o Paulo, 15 de abril de 2020<\/strong><\/p>\n<p><strong>S\u00e9rgio Nobre \u2013 Presidente da CUT \u2013 Central \u00danica dos Trabalhadores<\/strong><\/p>\n<p><strong>Miguel Torres \u2013 Presidente da For\u00e7a Sindical<\/strong><\/p>\n<p><strong>Ricardo Patah- Presidente da UGT \u2013 Uni\u00e3o Geral dos Trabalhadores<\/strong><\/p>\n<p><strong>Adilson Ara\u00fajo \u2013 Presidente da CTB \u2013 Central dos Trabalhadores e Trabalhadoras do Brasil<\/strong><\/p>\n<p><strong>Jos\u00e9 Calixto Ramos \u2013 Presidente da NCST \u2013 Nova Central Sindical de Trabalhadores<\/strong><\/p>\n<p><strong>Antonio Neto \u2013 Presidente da CSB \u2013 Central dos Sindicatos Brasileiros<\/strong><\/p>\n<p><strong>Edson Carneiro \u00cdndio \u2013 secret\u00e1rio-geral da Intersindical (Central da Classe Trabalhadora)<\/strong><\/p>\n<p><strong>Ubiraci Dantas de OLiveira \u2013 Presidente da CGTB (Central Geral dos Trabalhadores do Brasil)<\/strong><\/p>\n<p><strong>Atn\u00e1goras Lopes \u2013 Secretaria Executiva Nacional da CSP-CONLUTAS<\/strong><\/p>\n<p><strong>Man\u00e9 Melato \u2013 Intersindical instrumento de Luta<\/strong><\/p>\n<p><strong>Diretoria Executiva da CONTEC<\/strong><\/p>\n<\/div>\n<\/div>\n","protected":false},"excerpt":{"rendered":"<p class=\"excerpt\">Retirada de direitos gera desemprego As centrais sindicais v\u00eam denunciando o car\u00e1ter predat\u00f3rio da MP 905 desde seu lan\u00e7amento pelo governo Bolsonaro, em novembro de 2019. A aprova\u00e7\u00e3o dessas medidas que afetam diretamente a classe trabalhadora sem di\u00e1logo ou consulta \u00e0s centrais e demais entidades sindicais \u00e9 mais um ataque \u00e0 democracia. Condenamos veementemente a [&hellip;]<\/p>\n","protected":false},"author":2,"featured_media":12167,"comment_status":"closed","ping_status":"closed","sticky":false,"template":"","format":"standard","meta":{"_et_pb_use_builder":"","_et_pb_old_content":"","_et_gb_content_width":"","footnotes":""},"categories":[13],"tags":[],"class_list":["post-12166","post","type-post","status-publish","format-standard","has-post-thumbnail","hentry","category-noticias"],"_links":{"self":[{"href":"https:\/\/sjcbancarios.com.br\/site\/wp-json\/wp\/v2\/posts\/12166","targetHints":{"allow":["GET"]}}],"collection":[{"href":"https:\/\/sjcbancarios.com.br\/site\/wp-json\/wp\/v2\/posts"}],"about":[{"href":"https:\/\/sjcbancarios.com.br\/site\/wp-json\/wp\/v2\/types\/post"}],"author":[{"embeddable":true,"href":"https:\/\/sjcbancarios.com.br\/site\/wp-json\/wp\/v2\/users\/2"}],"replies":[{"embeddable":true,"href":"https:\/\/sjcbancarios.com.br\/site\/wp-json\/wp\/v2\/comments?post=12166"}],"version-history":[{"count":0,"href":"https:\/\/sjcbancarios.com.br\/site\/wp-json\/wp\/v2\/posts\/12166\/revisions"}],"wp:featuredmedia":[{"embeddable":true,"href":"https:\/\/sjcbancarios.com.br\/site\/wp-json\/wp\/v2\/media\/12167"}],"wp:attachment":[{"href":"https:\/\/sjcbancarios.com.br\/site\/wp-json\/wp\/v2\/media?parent=12166"}],"wp:term":[{"taxonomy":"category","embeddable":true,"href":"https:\/\/sjcbancarios.com.br\/site\/wp-json\/wp\/v2\/categories?post=12166"},{"taxonomy":"post_tag","embeddable":true,"href":"https:\/\/sjcbancarios.com.br\/site\/wp-json\/wp\/v2\/tags?post=12166"}],"curies":[{"name":"wp","href":"https:\/\/api.w.org\/{rel}","templated":true}]}}