{"id":12159,"date":"2020-04-16T12:48:43","date_gmt":"2020-04-16T15:48:43","guid":{"rendered":"http:\/\/sjcbancarios.com.br\/site\/?p=12159"},"modified":"2020-04-16T12:48:43","modified_gmt":"2020-04-16T15:48:43","slug":"justica-suspende-exigencia-de-cpf-regular-para-auxilio-emergencial","status":"publish","type":"post","link":"https:\/\/sjcbancarios.com.br\/site\/noticias\/justica-suspende-exigencia-de-cpf-regular-para-auxilio-emergencial\/","title":{"rendered":"Justi\u00e7a suspende exig\u00eancia de CPF regular para aux\u00edlio emergencial"},"content":{"rendered":"<p>A decis\u00e3o determina prazo de dois dias para a Caixa retirar exig\u00eancia<\/p>\n<p>O juiz federal Ilan Presser, do Tribunal Regional Federal da 1\u00aa Regi\u00e3o (TRF1), suspendeu na noite de ontem (15) a exig\u00eancia de regulariza\u00e7\u00e3o do Cadastro de Pessoa F\u00edsica (CPF) para a obten\u00e7\u00e3o do aux\u00edlio emergencial do governo durante a pandemia do novo coronav\u00edrus.<\/p>\n<p style=\"text-align: justify;\">O magistrado deu dois dias para a Caixa retirar a exig\u00eancia, sob pena de multa di\u00e1ria de R$ 5 mil em caso de descumprimento. Ele atendeu a um pedido de liminar (decis\u00e3o provis\u00f3ria) feito pelo Par\u00e1, com parecer favor\u00e1vel do Minist\u00e9rio P\u00fablico Federal.<\/p>\n<p style=\"text-align: justify;\">O juiz destacou que a exig\u00eancia estava provocando filas e aglomera\u00e7\u00f5es em ag\u00eancias da Receita Federal, contrariando medidas de distanciamento social adotadas pelas autoridades sanit\u00e1rias no combate \u00e0 pandemia.<\/p>\n<p style=\"text-align: justify;\">\u201cAs aglomera\u00e7\u00f5es, com s\u00e9rios e graves riscos \u00e0 sa\u00fade p\u00fablica, continuam a se realizar, o que tem o cond\u00e3o de provocar o crescimento exponencial e acelerado da curva epid\u00eamica, para atender \u00e0 finalidade exigida pelo decreto regulamentar: de que sejam regularizadas as indigitadas pend\u00eancias alusivas aos CPFs dos benefici\u00e1rios junto \u00e0 Receita Federal\u201d, escreveu o magistrado.<\/p>\n<p style=\"text-align: justify;\">O aux\u00edlio de R$ 600 pode ser pedido por trabalhadores informais, microempreendedores individuais, aut\u00f4nomos e desempregados. O valor pode chegar a R$ 1.200 no caso de fam\u00edlias em que a mulher seja a \u00fanica respons\u00e1vel pelas despesas da casa.<\/p>\n<p>Fonte: Ag\u00eancia Brasil \/ Contec<\/p>\n","protected":false},"excerpt":{"rendered":"<p class=\"excerpt\">A decis\u00e3o determina prazo de dois dias para a Caixa retirar exig\u00eancia O juiz federal Ilan Presser, do Tribunal Regional Federal da 1\u00aa Regi\u00e3o (TRF1), suspendeu na noite de ontem (15) a exig\u00eancia de regulariza\u00e7\u00e3o do Cadastro de Pessoa F\u00edsica (CPF) para a obten\u00e7\u00e3o do aux\u00edlio emergencial do governo durante a pandemia do novo coronav\u00edrus. [&hellip;]<\/p>\n","protected":false},"author":2,"featured_media":12160,"comment_status":"closed","ping_status":"closed","sticky":false,"template":"","format":"standard","meta":{"_et_pb_use_builder":"","_et_pb_old_content":"","_et_gb_content_width":"","footnotes":""},"categories":[13],"tags":[],"class_list":["post-12159","post","type-post","status-publish","format-standard","has-post-thumbnail","hentry","category-noticias"],"_links":{"self":[{"href":"https:\/\/sjcbancarios.com.br\/site\/wp-json\/wp\/v2\/posts\/12159","targetHints":{"allow":["GET"]}}],"collection":[{"href":"https:\/\/sjcbancarios.com.br\/site\/wp-json\/wp\/v2\/posts"}],"about":[{"href":"https:\/\/sjcbancarios.com.br\/site\/wp-json\/wp\/v2\/types\/post"}],"author":[{"embeddable":true,"href":"https:\/\/sjcbancarios.com.br\/site\/wp-json\/wp\/v2\/users\/2"}],"replies":[{"embeddable":true,"href":"https:\/\/sjcbancarios.com.br\/site\/wp-json\/wp\/v2\/comments?post=12159"}],"version-history":[{"count":0,"href":"https:\/\/sjcbancarios.com.br\/site\/wp-json\/wp\/v2\/posts\/12159\/revisions"}],"wp:featuredmedia":[{"embeddable":true,"href":"https:\/\/sjcbancarios.com.br\/site\/wp-json\/wp\/v2\/media\/12160"}],"wp:attachment":[{"href":"https:\/\/sjcbancarios.com.br\/site\/wp-json\/wp\/v2\/media?parent=12159"}],"wp:term":[{"taxonomy":"category","embeddable":true,"href":"https:\/\/sjcbancarios.com.br\/site\/wp-json\/wp\/v2\/categories?post=12159"},{"taxonomy":"post_tag","embeddable":true,"href":"https:\/\/sjcbancarios.com.br\/site\/wp-json\/wp\/v2\/tags?post=12159"}],"curies":[{"name":"wp","href":"https:\/\/api.w.org\/{rel}","templated":true}]}}