{"id":12122,"date":"2020-04-06T15:55:55","date_gmt":"2020-04-06T18:55:55","guid":{"rendered":"http:\/\/sjcbancarios.com.br\/site\/?p=12122"},"modified":"2020-04-06T15:55:55","modified_gmt":"2020-04-06T18:55:55","slug":"itau-unibanco-fecha-cerca-de-400-agencias-em-meio-a-crise-do-coronavirus","status":"publish","type":"post","link":"https:\/\/sjcbancarios.com.br\/site\/noticias\/itau-unibanco-fecha-cerca-de-400-agencias-em-meio-a-crise-do-coronavirus\/","title":{"rendered":"Ita\u00fa Unibanco fecha cerca de 400 ag\u00eancias em meio \u00e0 crise do coronav\u00edrus"},"content":{"rendered":"<p style=\"text-align: justify;\">O Ita\u00fa Unibanco vai fechar temporariamente em torno de 400 ag\u00eancias f\u00edsicas, em meio \u00e0 crise gerada pela pandemia de coronav\u00edrus no Brasil. O movimento come\u00e7ou hoje e as unidades estariam localizadas em pr\u00e9dios alugados. A justificativa para o fechamento \u00e9 de que essas ag\u00eancias s\u00e3o pequenas e a decis\u00e3o de encerrar o atendimento \u00e9 tempor\u00e1ria por conta do momento atual, para evitar aglomera\u00e7\u00f5es. Pelo car\u00e1ter de teste, o movimento pode ser ampliado ou, ao contr\u00e1rio, reduzido. Nas pr\u00f3ximas semanas, a expectativa \u00e9 de que a crise do coronav\u00edrus se agrave no Brasil.<\/p>\n<p style=\"text-align: justify;\">Por\u00e9m. Vale lembrar que as medidas de isolamento social adotadas para conter a propaga\u00e7\u00e3o do coronav\u00edrus no Brasil tornou tudo mais digital \u2013 como no resto do mundo. As ag\u00eancias banc\u00e1rias tiveram o hor\u00e1rio reduzido em duas horas e os bancos passaram a estimular o uso dos canais digitais para evitar aglomera\u00e7\u00f5es nas unidades f\u00edsicas.<\/p>\n<p style=\"text-align: justify;\">S\u00f3 que n\u00e3o. O efeito esperado por especialistas do setor banc\u00e1rio \u00e9 que o maior uso dos canais digitais desencadeie um novo movimento de fechamento de ag\u00eancias, al\u00e9m do iniciado no ano passado. Somente o Ita\u00fa encerrou 436 unidades de sua rede f\u00edsica em 2019, sendo 200 no quarto trimestre. O presidente do Ita\u00fa Unibanco, Candido Bracher, tem afirmado que a inten\u00e7\u00e3o do banco \u00e9 fechar menos ag\u00eancias neste ano.<\/p>\n<p style=\"text-align: justify;\">Com a palavra. Procurado, o Ita\u00fa Unibanco confirmou que, devido ao cen\u00e1rio de pandemia e visando \u00e0 prote\u00e7\u00e3o e redu\u00e7\u00e3o de contato entre clientes e colaboradores, optou por fazer temporariamente algumas altera\u00e7\u00f5es no atendimento prestado na rede f\u00edsica de ag\u00eancias. Segundo o banco, nesta sexta-feira, 3 de abril, algumas unidades ter\u00e3o o atendimento prestado apenas na \u00e1rea de caixas eletr\u00f4nicos.<\/p>\n<p>Fonte: Estad\u00e3o \/ Contec<\/p>\n","protected":false},"excerpt":{"rendered":"<p class=\"excerpt\">O Ita\u00fa Unibanco vai fechar temporariamente em torno de 400 ag\u00eancias f\u00edsicas, em meio \u00e0 crise gerada pela pandemia de coronav\u00edrus no Brasil. O movimento come\u00e7ou hoje e as unidades estariam localizadas em pr\u00e9dios alugados. A justificativa para o fechamento \u00e9 de que essas ag\u00eancias s\u00e3o pequenas e a decis\u00e3o de encerrar o atendimento \u00e9 [&hellip;]<\/p>\n","protected":false},"author":2,"featured_media":12123,"comment_status":"closed","ping_status":"closed","sticky":false,"template":"","format":"standard","meta":{"_et_pb_use_builder":"","_et_pb_old_content":"","_et_gb_content_width":"","footnotes":""},"categories":[13],"tags":[],"class_list":["post-12122","post","type-post","status-publish","format-standard","has-post-thumbnail","hentry","category-noticias"],"_links":{"self":[{"href":"https:\/\/sjcbancarios.com.br\/site\/wp-json\/wp\/v2\/posts\/12122","targetHints":{"allow":["GET"]}}],"collection":[{"href":"https:\/\/sjcbancarios.com.br\/site\/wp-json\/wp\/v2\/posts"}],"about":[{"href":"https:\/\/sjcbancarios.com.br\/site\/wp-json\/wp\/v2\/types\/post"}],"author":[{"embeddable":true,"href":"https:\/\/sjcbancarios.com.br\/site\/wp-json\/wp\/v2\/users\/2"}],"replies":[{"embeddable":true,"href":"https:\/\/sjcbancarios.com.br\/site\/wp-json\/wp\/v2\/comments?post=12122"}],"version-history":[{"count":0,"href":"https:\/\/sjcbancarios.com.br\/site\/wp-json\/wp\/v2\/posts\/12122\/revisions"}],"wp:featuredmedia":[{"embeddable":true,"href":"https:\/\/sjcbancarios.com.br\/site\/wp-json\/wp\/v2\/media\/12123"}],"wp:attachment":[{"href":"https:\/\/sjcbancarios.com.br\/site\/wp-json\/wp\/v2\/media?parent=12122"}],"wp:term":[{"taxonomy":"category","embeddable":true,"href":"https:\/\/sjcbancarios.com.br\/site\/wp-json\/wp\/v2\/categories?post=12122"},{"taxonomy":"post_tag","embeddable":true,"href":"https:\/\/sjcbancarios.com.br\/site\/wp-json\/wp\/v2\/tags?post=12122"}],"curies":[{"name":"wp","href":"https:\/\/api.w.org\/{rel}","templated":true}]}}