{"id":12119,"date":"2020-04-04T09:40:53","date_gmt":"2020-04-04T12:40:53","guid":{"rendered":"http:\/\/sjcbancarios.com.br\/site\/?p=12119"},"modified":"2020-04-06T09:43:39","modified_gmt":"2020-04-06T12:43:39","slug":"brasil-registra-a-morte-de-pelo-menos-dois-bancarios-pelo-novo-coronavirus","status":"publish","type":"post","link":"https:\/\/sjcbancarios.com.br\/site\/noticias\/brasil-registra-a-morte-de-pelo-menos-dois-bancarios-pelo-novo-coronavirus\/","title":{"rendered":"Brasil registra a morte de pelo menos dois banc\u00e1rios pelo novo coronav\u00edrus"},"content":{"rendered":"<p style=\"text-align: justify;\">A CONTEC segue alertando toda a popula\u00e7\u00e3o, em especial os banc\u00e1rios e securit\u00e1rios, para redobrar as medidas de preven\u00e7\u00e3o ao novo coronav\u00edrus. Entre as institui\u00e7\u00f5es financeiras, uma s\u00e9rie de medidas protetivas t\u00eam sido tomadas e acompanhadas atentamente pela pr\u00f3pria CONTEC, federa\u00e7\u00f5es e sindicatos. Inclusive, temos orientados os trabalhadores a denunciarem pr\u00e1ticas contr\u00e1rias diretamente na sua entidade de base, para que possamos buscar solu\u00e7\u00f5es negociadas.<\/p>\n<p style=\"text-align: justify;\">Infelizmente, o v\u00edrus Covid-19, do qual ainda n\u00e3o se tem o controle, j\u00e1 ceifou a vida de mais de 360 brasileiros. Entre as v\u00edtimas fatais, dois banc\u00e1rios: uma do Banco Santander, de S\u00e3o Paulo; e o segundo, do Banco do Brasil, do Rio de Janeiro. A diretoria da CONTEC lamentou o fato e solicitou \u00e0 Fenaban refor\u00e7o nas medidas para que tente conter a prolifera\u00e7\u00e3o da pandemia.<\/p>\n<p style=\"text-align: justify;\">\u201cAos familiares das v\u00edtimas, nossas condol\u00eancias e a esperan\u00e7a de que seus cora\u00e7\u00f5es sejam confortados com paz\u201d, disse o presidente da CONTEC, Louren\u00e7o Ferreira do Prado. Segundo ele, o movimento sindical monitora junto \u00e0s institui\u00e7\u00f5es as situa\u00e7\u00f5es individuais de cada estado. \u201cEstamos acompanhando as medidas tomadas pelos governo estaduais e federal e como as institui\u00e7\u00f5es est\u00e3o acolhendo isto na pr\u00e1tica\u201d, explica.<\/p>\n<p style=\"text-align: justify;\">Perfil das v\u00edtimas<\/p>\n<p style=\"text-align: justify;\">O banc\u00e1rio do Banco do Brasil morreu no dia 28\/03. Ele tinha 66 anos e estava internado no Rio de Janeiro. Tamb\u00e9m era fisioterapeuta, acupunturista, capoeirista e m\u00fasico. Tocava clarinete, cu\u00edca e pandeiro.<\/p>\n<p style=\"text-align: justify;\">J\u00e1 a banc\u00e1ria que faleceu trabalhava no Vila Santander Paulista, nome do call center do banco. Ela tinha diabetes, hipertens\u00e3o e asma.<\/p>\n<p>Fonte: Contec<\/p>\n","protected":false},"excerpt":{"rendered":"<p class=\"excerpt\">A CONTEC segue alertando toda a popula\u00e7\u00e3o, em especial os banc\u00e1rios e securit\u00e1rios, para redobrar as medidas de preven\u00e7\u00e3o ao novo coronav\u00edrus. Entre as institui\u00e7\u00f5es financeiras, uma s\u00e9rie de medidas protetivas t\u00eam sido tomadas e acompanhadas atentamente pela pr\u00f3pria CONTEC, federa\u00e7\u00f5es e sindicatos. Inclusive, temos orientados os trabalhadores a denunciarem pr\u00e1ticas contr\u00e1rias diretamente na sua [&hellip;]<\/p>\n","protected":false},"author":2,"featured_media":12120,"comment_status":"closed","ping_status":"closed","sticky":false,"template":"","format":"standard","meta":{"_et_pb_use_builder":"","_et_pb_old_content":"","_et_gb_content_width":"","footnotes":""},"categories":[13],"tags":[],"class_list":["post-12119","post","type-post","status-publish","format-standard","has-post-thumbnail","hentry","category-noticias"],"_links":{"self":[{"href":"https:\/\/sjcbancarios.com.br\/site\/wp-json\/wp\/v2\/posts\/12119","targetHints":{"allow":["GET"]}}],"collection":[{"href":"https:\/\/sjcbancarios.com.br\/site\/wp-json\/wp\/v2\/posts"}],"about":[{"href":"https:\/\/sjcbancarios.com.br\/site\/wp-json\/wp\/v2\/types\/post"}],"author":[{"embeddable":true,"href":"https:\/\/sjcbancarios.com.br\/site\/wp-json\/wp\/v2\/users\/2"}],"replies":[{"embeddable":true,"href":"https:\/\/sjcbancarios.com.br\/site\/wp-json\/wp\/v2\/comments?post=12119"}],"version-history":[{"count":0,"href":"https:\/\/sjcbancarios.com.br\/site\/wp-json\/wp\/v2\/posts\/12119\/revisions"}],"wp:featuredmedia":[{"embeddable":true,"href":"https:\/\/sjcbancarios.com.br\/site\/wp-json\/wp\/v2\/media\/12120"}],"wp:attachment":[{"href":"https:\/\/sjcbancarios.com.br\/site\/wp-json\/wp\/v2\/media?parent=12119"}],"wp:term":[{"taxonomy":"category","embeddable":true,"href":"https:\/\/sjcbancarios.com.br\/site\/wp-json\/wp\/v2\/categories?post=12119"},{"taxonomy":"post_tag","embeddable":true,"href":"https:\/\/sjcbancarios.com.br\/site\/wp-json\/wp\/v2\/tags?post=12119"}],"curies":[{"name":"wp","href":"https:\/\/api.w.org\/{rel}","templated":true}]}}