{"id":12116,"date":"2020-03-31T09:39:44","date_gmt":"2020-03-31T12:39:44","guid":{"rendered":"http:\/\/sjcbancarios.com.br\/site\/?p=12116"},"modified":"2020-04-03T09:41:58","modified_gmt":"2020-04-03T12:41:58","slug":"banco-safra-doa-r-20-milhoes-a-hospitais-publicos","status":"publish","type":"post","link":"https:\/\/sjcbancarios.com.br\/site\/noticias\/banco-safra-doa-r-20-milhoes-a-hospitais-publicos\/","title":{"rendered":"Banco Safra doa R$ 20 milh\u00f5es a hospitais p\u00fablicos"},"content":{"rendered":"<p>Banco tamb\u00e9m anunciou que convida seus parceiros e clientes a doarem fundos para o combate \u00e0 Covid-19<\/p>\n<p>O Banco Safra divulgou hoje (31) a doa\u00e7\u00e3o de R$ 20 milh\u00f5es para hospitais p\u00fablicos e Santas Casas. O valor deve ser aplicado \u00e0 amplia\u00e7\u00e3o de leitos hospitalares e aquisi\u00e7\u00e3o de equipamentos e insumos m\u00e9dicos.<\/p>\n<p>O valor ser\u00e1 entregue diretamente \u00e0s entidades ou por meio de parcerias privadas na \u00e1rea da sa\u00fade com a condi\u00e7\u00e3o de que os projetos sejam voltados para a rede hospitalar p\u00fablica.<br \/>\nVeja tamb\u00e9m: Fenaban assegura que bancos manter\u00e3o quarentena<\/p>\n<p>Entre as iniciativas est\u00e1 o projeto de implementa\u00e7\u00e3o de leitos de UTI para a rede municipal de S\u00e3o Paulo, com gest\u00e3o e opera\u00e7\u00e3o do Hospital Albert Einstein; cria\u00e7\u00e3o de leitos em hospital de Campanha no Graja\u00fa, sob gest\u00e3o do Hospital S\u00edrio Liban\u00eas; participa\u00e7\u00e3o na execu\u00e7\u00e3o do projeto do Hospital de Campanha Lagoa-Barra atender pacientes SUS \u2014 conduzido pela Rede D\u2019Or; e doa\u00e7\u00e3o de equipamentos de prote\u00e7\u00e3o \u00e0 Santa Casa de Miseric\u00f3rdia de S\u00e3o Paulo.<\/p>\n<p>O banco tamb\u00e9m anunciou que convida seus parceiros e clientes a doarem fundos para o combate \u00e0 Covid-19. Os valores arrecadados ser\u00e3 destinados conforme solicita\u00e7\u00e3o dos hospitais ou por meio de indica\u00e7\u00e3o de parceiros da \u00e1rea da sa\u00fade para demandas mais urgentes da causa.<\/p>\n<p>Fonte: Contec<\/p>\n","protected":false},"excerpt":{"rendered":"<p class=\"excerpt\">Banco tamb\u00e9m anunciou que convida seus parceiros e clientes a doarem fundos para o combate \u00e0 Covid-19 O Banco Safra divulgou hoje (31) a doa\u00e7\u00e3o de R$ 20 milh\u00f5es para hospitais p\u00fablicos e Santas Casas. O valor deve ser aplicado \u00e0 amplia\u00e7\u00e3o de leitos hospitalares e aquisi\u00e7\u00e3o de equipamentos e insumos m\u00e9dicos. O valor ser\u00e1 [&hellip;]<\/p>\n","protected":false},"author":2,"featured_media":12117,"comment_status":"closed","ping_status":"closed","sticky":false,"template":"","format":"standard","meta":{"_et_pb_use_builder":"","_et_pb_old_content":"","_et_gb_content_width":"","footnotes":""},"categories":[13],"tags":[],"class_list":["post-12116","post","type-post","status-publish","format-standard","has-post-thumbnail","hentry","category-noticias"],"_links":{"self":[{"href":"https:\/\/sjcbancarios.com.br\/site\/wp-json\/wp\/v2\/posts\/12116","targetHints":{"allow":["GET"]}}],"collection":[{"href":"https:\/\/sjcbancarios.com.br\/site\/wp-json\/wp\/v2\/posts"}],"about":[{"href":"https:\/\/sjcbancarios.com.br\/site\/wp-json\/wp\/v2\/types\/post"}],"author":[{"embeddable":true,"href":"https:\/\/sjcbancarios.com.br\/site\/wp-json\/wp\/v2\/users\/2"}],"replies":[{"embeddable":true,"href":"https:\/\/sjcbancarios.com.br\/site\/wp-json\/wp\/v2\/comments?post=12116"}],"version-history":[{"count":0,"href":"https:\/\/sjcbancarios.com.br\/site\/wp-json\/wp\/v2\/posts\/12116\/revisions"}],"wp:featuredmedia":[{"embeddable":true,"href":"https:\/\/sjcbancarios.com.br\/site\/wp-json\/wp\/v2\/media\/12117"}],"wp:attachment":[{"href":"https:\/\/sjcbancarios.com.br\/site\/wp-json\/wp\/v2\/media?parent=12116"}],"wp:term":[{"taxonomy":"category","embeddable":true,"href":"https:\/\/sjcbancarios.com.br\/site\/wp-json\/wp\/v2\/categories?post=12116"},{"taxonomy":"post_tag","embeddable":true,"href":"https:\/\/sjcbancarios.com.br\/site\/wp-json\/wp\/v2\/tags?post=12116"}],"curies":[{"name":"wp","href":"https:\/\/api.w.org\/{rel}","templated":true}]}}