{"id":12113,"date":"2020-04-01T09:33:39","date_gmt":"2020-04-01T12:33:39","guid":{"rendered":"http:\/\/sjcbancarios.com.br\/site\/?p=12113"},"modified":"2020-04-03T09:37:01","modified_gmt":"2020-04-03T12:37:01","slug":"receita-federal-adia-para-30-de-junho-entrega-do-imposto-de-renda","status":"publish","type":"post","link":"https:\/\/sjcbancarios.com.br\/site\/noticias\/receita-federal-adia-para-30-de-junho-entrega-do-imposto-de-renda\/","title":{"rendered":"Receita Federal adia para 30 de junho entrega do Imposto de Renda"},"content":{"rendered":"<p>O secret\u00e1rio da Receita Federal, Jos\u00e9 Tostes Neto, anunciou nesta quarta-feira (1\u00ba) a prorroga\u00e7\u00e3o do prazo de entrega da declara\u00e7\u00e3o de Imposto de Renda da Pessoa F\u00edsica (IRPF) por 60 dias.<\/p>\n<p>Com isso, o prazo para a entrega da declara\u00e7\u00e3o de 2020 passa de 30 de abril para 30 de junho.<\/p>\n<p>\u201cEsse prazo venceria no pr\u00f3ximo dia 30 de abril e est\u00e1 sendo prorrogado para entrega no dia 30 de junho. Portanto prorroga\u00e7\u00e3o por dois meses do prazo de entrega das pessoas f\u00edsicas\u201d, afirmou o secret\u00e1rio.<\/p>\n<p>A Receita ainda avalia se ser\u00e1 mantido o prazo do primeiro lote da restitui\u00e7\u00e3o, previsto para 30 de maio.<\/p>\n<p>Tostes Neto deu as informa\u00e7\u00f5es em uma entrevista coletiva no Pal\u00e1cio do Planalto ao lado de outros integrantes da equipe econ\u00f4mica do governo.<\/p>\n<p>De acordo com o \u00faltimo balan\u00e7o divulgado pela Receita, em 30 de mar\u00e7o, foram recebidas pelo \u00f3rg\u00e3o 8,1 milh\u00f5es de declara\u00e7\u00f5es \u2013 cerca de 25% do total.<\/p>\n<p>A expectativa, segundo o governo federal, \u00e9 que 32 milh\u00f5es de contribuintes fa\u00e7am a declara\u00e7\u00e3o em 2020.<\/p>\n<p>Fonte: G1 \/ Contec<\/p>\n","protected":false},"excerpt":{"rendered":"<p class=\"excerpt\">O secret\u00e1rio da Receita Federal, Jos\u00e9 Tostes Neto, anunciou nesta quarta-feira (1\u00ba) a prorroga\u00e7\u00e3o do prazo de entrega da declara\u00e7\u00e3o de Imposto de Renda da Pessoa F\u00edsica (IRPF) por 60 dias. Com isso, o prazo para a entrega da declara\u00e7\u00e3o de 2020 passa de 30 de abril para 30 de junho. \u201cEsse prazo venceria no [&hellip;]<\/p>\n","protected":false},"author":2,"featured_media":12114,"comment_status":"closed","ping_status":"closed","sticky":false,"template":"","format":"standard","meta":{"_et_pb_use_builder":"","_et_pb_old_content":"","_et_gb_content_width":"","footnotes":""},"categories":[13],"tags":[],"class_list":["post-12113","post","type-post","status-publish","format-standard","has-post-thumbnail","hentry","category-noticias"],"_links":{"self":[{"href":"https:\/\/sjcbancarios.com.br\/site\/wp-json\/wp\/v2\/posts\/12113","targetHints":{"allow":["GET"]}}],"collection":[{"href":"https:\/\/sjcbancarios.com.br\/site\/wp-json\/wp\/v2\/posts"}],"about":[{"href":"https:\/\/sjcbancarios.com.br\/site\/wp-json\/wp\/v2\/types\/post"}],"author":[{"embeddable":true,"href":"https:\/\/sjcbancarios.com.br\/site\/wp-json\/wp\/v2\/users\/2"}],"replies":[{"embeddable":true,"href":"https:\/\/sjcbancarios.com.br\/site\/wp-json\/wp\/v2\/comments?post=12113"}],"version-history":[{"count":0,"href":"https:\/\/sjcbancarios.com.br\/site\/wp-json\/wp\/v2\/posts\/12113\/revisions"}],"wp:featuredmedia":[{"embeddable":true,"href":"https:\/\/sjcbancarios.com.br\/site\/wp-json\/wp\/v2\/media\/12114"}],"wp:attachment":[{"href":"https:\/\/sjcbancarios.com.br\/site\/wp-json\/wp\/v2\/media?parent=12113"}],"wp:term":[{"taxonomy":"category","embeddable":true,"href":"https:\/\/sjcbancarios.com.br\/site\/wp-json\/wp\/v2\/categories?post=12113"},{"taxonomy":"post_tag","embeddable":true,"href":"https:\/\/sjcbancarios.com.br\/site\/wp-json\/wp\/v2\/tags?post=12113"}],"curies":[{"name":"wp","href":"https:\/\/api.w.org\/{rel}","templated":true}]}}