{"id":12100,"date":"2020-03-30T11:43:40","date_gmt":"2020-03-30T14:43:40","guid":{"rendered":"http:\/\/sjcbancarios.com.br\/site\/?p=12100"},"modified":"2020-03-31T10:27:38","modified_gmt":"2020-03-31T13:27:38","slug":"audioconferencia-com-fenaban-nesta-segunda-feira-30-03","status":"publish","type":"post","link":"https:\/\/sjcbancarios.com.br\/site\/noticias\/audioconferencia-com-fenaban-nesta-segunda-feira-30-03\/","title":{"rendered":"Audioconfer\u00eancia com Fenaban nesta segunda-feira (30\/03)"},"content":{"rendered":"<p style=\"text-align: justify;\">A Comiss\u00e3o Executiva Banc\u00e1ria Nacional de Negocia\u00e7\u00e3o \u2013 CEBNN\/CONTEC vai se reunir mais uma vez com a Fenaban nesta segunda-feira (30). Em audioconfer\u00eancia, marcada para as 16 horas, os representantes voltam a debater assuntos relacionados \u00e0s medidas protetivas de combate \u00e0 prolifera\u00e7\u00e3o do novo coronav\u00edrus \u2013 COVID 19.<\/p>\n<p style=\"text-align: justify;\">A Comiss\u00e3o CONTEC vai cobrar dos bancos o compromisso de garantir a seguran\u00e7a da sa\u00fade dos trabalhadores, assim como a ado\u00e7\u00e3o de medidas de aperfei\u00e7oamentos dentro das ag\u00eancias e unidades administrativas.<\/p>\n<p>Fonte: Contec<\/p>\n","protected":false},"excerpt":{"rendered":"<p class=\"excerpt\">A Comiss\u00e3o Executiva Banc\u00e1ria Nacional de Negocia\u00e7\u00e3o \u2013 CEBNN\/CONTEC vai se reunir mais uma vez com a Fenaban nesta segunda-feira (30). Em audioconfer\u00eancia, marcada para as 16 horas, os representantes voltam a debater assuntos relacionados \u00e0s medidas protetivas de combate \u00e0 prolifera\u00e7\u00e3o do novo coronav\u00edrus \u2013 COVID 19. A Comiss\u00e3o CONTEC vai cobrar dos bancos [&hellip;]<\/p>\n","protected":false},"author":2,"featured_media":12101,"comment_status":"closed","ping_status":"closed","sticky":false,"template":"","format":"standard","meta":{"_et_pb_use_builder":"","_et_pb_old_content":"","_et_gb_content_width":"","footnotes":""},"categories":[13],"tags":[],"class_list":["post-12100","post","type-post","status-publish","format-standard","has-post-thumbnail","hentry","category-noticias"],"_links":{"self":[{"href":"https:\/\/sjcbancarios.com.br\/site\/wp-json\/wp\/v2\/posts\/12100","targetHints":{"allow":["GET"]}}],"collection":[{"href":"https:\/\/sjcbancarios.com.br\/site\/wp-json\/wp\/v2\/posts"}],"about":[{"href":"https:\/\/sjcbancarios.com.br\/site\/wp-json\/wp\/v2\/types\/post"}],"author":[{"embeddable":true,"href":"https:\/\/sjcbancarios.com.br\/site\/wp-json\/wp\/v2\/users\/2"}],"replies":[{"embeddable":true,"href":"https:\/\/sjcbancarios.com.br\/site\/wp-json\/wp\/v2\/comments?post=12100"}],"version-history":[{"count":0,"href":"https:\/\/sjcbancarios.com.br\/site\/wp-json\/wp\/v2\/posts\/12100\/revisions"}],"wp:featuredmedia":[{"embeddable":true,"href":"https:\/\/sjcbancarios.com.br\/site\/wp-json\/wp\/v2\/media\/12101"}],"wp:attachment":[{"href":"https:\/\/sjcbancarios.com.br\/site\/wp-json\/wp\/v2\/media?parent=12100"}],"wp:term":[{"taxonomy":"category","embeddable":true,"href":"https:\/\/sjcbancarios.com.br\/site\/wp-json\/wp\/v2\/categories?post=12100"},{"taxonomy":"post_tag","embeddable":true,"href":"https:\/\/sjcbancarios.com.br\/site\/wp-json\/wp\/v2\/tags?post=12100"}],"curies":[{"name":"wp","href":"https:\/\/api.w.org\/{rel}","templated":true}]}}